{"id":21034,"date":"2022-08-30T16:07:26","date_gmt":"2022-08-30T15:07:26","guid":{"rendered":"https:\/\/ostrowskatv.pl\/?p=21034"},"modified":"2022-08-30T16:07:26","modified_gmt":"2022-08-30T15:07:26","slug":"motocyklisci-chcieli-sie-popisac-policjanci-wzieli-ich-w-obroty","status":"publish","type":"post","link":"https:\/\/ostrowskatv.pl\/?p=21034","title":{"rendered":"Motocykli\u015bci chcieli si\u0119 popisa\u0107. Policjanci wzi\u0119li ich w obroty"},"content":{"rendered":"<p><strong>Podczas niedzielnych do\u017cynek w Raszkowie dw\u00f3ch motocyklist\u00f3w postanowi\u0142o zwr\u00f3ci\u0107 na siebie uwag\u0119. Przeje\u017cd\u017caj\u0105c ulic\u0105 wzd\u0142u\u017c imprezy masowej kilka razy przegazowali generuj\u0105c du\u017cy ha\u0142as. Zach\u0119cili w ten spos\u00f3b do skontrolowania ich przez ostrowskich policjant\u00f3w.<\/strong><\/p>\n<p>Okaza\u0142o si\u0119, \u017ce pierwszy 25-latek na motocyklu suzuki nie mia\u0142 uprawnie\u0144 do kierowania tego typu pojazdem. Funkcjonariusze skierowali wniosek o ukaranie do s\u0105du. Natomiast jego r\u00f3wie\u015bnik na motocyklu yamaha mia\u0142 nieczyteln\u0105\/niewidoczn\u0105 tablic\u0119 rejestracyjn\u0105 i zosta\u0142 ukarany mandatem karnym.<\/p>\n","protected":false},"excerpt":{"rendered":"Podczas niedzielnych do\u017cynek w Raszkowie dw\u00f3ch motocyklist\u00f3w postanowi\u0142o zwr\u00f3ci\u0107 na siebie uwag\u0119. Przeje\u017cd\u017caj\u0105c ulic\u0105 wzd\u0142u\u017c imprezy masowej kilka razy przegazowali generuj\u0105c du\u017cy ha\u0142as. \n<a class=\"moretag\" href=\"https:\/\/ostrowskatv.pl\/?p=21034\"> [...]<\/a>","protected":false},"author":1,"featured_media":21035,"comment_status":"open","ping_status":"closed","sticky":false,"template":"","format":"standard","meta":{"footnotes":""},"categories":[1],"tags":[70],"class_list":["post-21034","post","type-post","status-publish","format-standard","has-post-thumbnail","hentry","category-news","tag-motocykl"],"_links":{"self":[{"href":"https:\/\/ostrowskatv.pl\/index.php?rest_route=\/wp\/v2\/posts\/21034","targetHints":{"allow":["GET"]}}],"collection":[{"href":"https:\/\/ostrowskatv.pl\/index.php?rest_route=\/wp\/v2\/posts"}],"about":[{"href":"https:\/\/ostrowskatv.pl\/index.php?rest_route=\/wp\/v2\/types\/post"}],"author":[{"embeddable":true,"href":"https:\/\/ostrowskatv.pl\/index.php?rest_route=\/wp\/v2\/users\/1"}],"replies":[{"embeddable":true,"href":"https:\/\/ostrowskatv.pl\/index.php?rest_route=%2Fwp%2Fv2%2Fcomments&post=21034"}],"version-history":[{"count":0,"href":"https:\/\/ostrowskatv.pl\/index.php?rest_route=\/wp\/v2\/posts\/21034\/revisions"}],"wp:featuredmedia":[{"embeddable":true,"href":"https:\/\/ostrowskatv.pl\/index.php?rest_route=\/wp\/v2\/media\/21035"}],"wp:attachment":[{"href":"https:\/\/ostrowskatv.pl\/index.php?rest_route=%2Fwp%2Fv2%2Fmedia&parent=21034"}],"wp:term":[{"taxonomy":"category","embeddable":true,"href":"https:\/\/ostrowskatv.pl\/index.php?rest_route=%2Fwp%2Fv2%2Fcategories&post=21034"},{"taxonomy":"post_tag","embeddable":true,"href":"https:\/\/ostrowskatv.pl\/index.php?rest_route=%2Fwp%2Fv2%2Ftags&post=21034"}],"curies":[{"name":"wp","href":"https:\/\/api.w.org\/{rel}","templated":true}]}}