{"id":21006,"date":"2022-08-29T09:50:55","date_gmt":"2022-08-29T08:50:55","guid":{"rendered":"https:\/\/ostrowskatv.pl\/?p=21006"},"modified":"2022-08-29T12:04:50","modified_gmt":"2022-08-29T11:04:50","slug":"trwa-oblawa-za-zbiegiem-z-aresztu","status":"publish","type":"post","link":"https:\/\/ostrowskatv.pl\/?p=21006","title":{"rendered":"Trwa ob\u0142awa za zbiegiem z aresztu"},"content":{"rendered":"<p><strong>Przed godzin\u0105 8 rozpocz\u0119to ob\u0142aw\u0119 za zbiegiem z ostrowskiego aresztu. 45-letni ostrowianin by\u0142 osadzony za kradzie\u017ce i oszustwa. Mia\u0142 do odsiadki kar\u0119 kilku miesi\u0119cy pozbawienia wolno\u015bci. <\/strong><\/p>\n<p>Poniewa\u017c czyny za kt\u00f3re zosta\u0142 skazany nie by\u0142y du\u017cego kalibru, umo\u017cliwiono mu wykonywanie pracy na terenie sortowni odpad\u00f3w. Rano kiedy osadzeni wsiadali do autobusu pracowniczego, m\u0119\u017cczyzna wykorzysta\u0142 nieuwag\u0119\u00a0 i nie wsiad\u0142 do pojazdu przewo\u017c\u0105cego osadzonych do miejsca wykonywania prac.<\/p>\n<p>Kiedy si\u0119 zorientowano natychmiast wszystkie radiowozy zacz\u0119\u0142y patrolowa\u0107 miejsca, w kt\u00f3rych m\u0119\u017cczyzna mo\u017ce przebywa\u0107. Na wylocie z Ostrowa funkcjonowa\u0142 nawet punkt kontroluj\u0105cy auta jad\u0105ce w stron\u0119 Krotoszyna.<\/p>\n","protected":false},"excerpt":{"rendered":"Przed godzin\u0105 8 rozpocz\u0119to ob\u0142aw\u0119 za zbiegiem z ostrowskiego aresztu. 45-letni ostrowianin by\u0142 osadzony za kradzie\u017ce i oszustwa. Mia\u0142 do odsiadki kar\u0119 kilku \n<a class=\"moretag\" href=\"https:\/\/ostrowskatv.pl\/?p=21006\"> [...]<\/a>","protected":false},"author":1,"featured_media":18202,"comment_status":"open","ping_status":"closed","sticky":false,"template":"","format":"standard","meta":{"footnotes":""},"categories":[1],"tags":[2,34],"class_list":["post-21006","post","type-post","status-publish","format-standard","has-post-thumbnail","hentry","category-news","tag-ostrow-wielkopolski","tag-policja"],"_links":{"self":[{"href":"https:\/\/ostrowskatv.pl\/index.php?rest_route=\/wp\/v2\/posts\/21006","targetHints":{"allow":["GET"]}}],"collection":[{"href":"https:\/\/ostrowskatv.pl\/index.php?rest_route=\/wp\/v2\/posts"}],"about":[{"href":"https:\/\/ostrowskatv.pl\/index.php?rest_route=\/wp\/v2\/types\/post"}],"author":[{"embeddable":true,"href":"https:\/\/ostrowskatv.pl\/index.php?rest_route=\/wp\/v2\/users\/1"}],"replies":[{"embeddable":true,"href":"https:\/\/ostrowskatv.pl\/index.php?rest_route=%2Fwp%2Fv2%2Fcomments&post=21006"}],"version-history":[{"count":0,"href":"https:\/\/ostrowskatv.pl\/index.php?rest_route=\/wp\/v2\/posts\/21006\/revisions"}],"wp:featuredmedia":[{"embeddable":true,"href":"https:\/\/ostrowskatv.pl\/index.php?rest_route=\/wp\/v2\/media\/18202"}],"wp:attachment":[{"href":"https:\/\/ostrowskatv.pl\/index.php?rest_route=%2Fwp%2Fv2%2Fmedia&parent=21006"}],"wp:term":[{"taxonomy":"category","embeddable":true,"href":"https:\/\/ostrowskatv.pl\/index.php?rest_route=%2Fwp%2Fv2%2Fcategories&post=21006"},{"taxonomy":"post_tag","embeddable":true,"href":"https:\/\/ostrowskatv.pl\/index.php?rest_route=%2Fwp%2Fv2%2Ftags&post=21006"}],"curies":[{"name":"wp","href":"https:\/\/api.w.org\/{rel}","templated":true}]}}