{"id":21000,"date":"2022-08-29T18:40:17","date_gmt":"2022-08-29T17:40:17","guid":{"rendered":"https:\/\/ostrowskatv.pl\/?p=21000"},"modified":"2022-08-29T18:40:17","modified_gmt":"2022-08-29T17:40:17","slug":"kolejny-pijany-komendant-strazy-pozarnej-twierdzi-ze-mial-wazny-powod","status":"publish","type":"post","link":"https:\/\/ostrowskatv.pl\/?p=21000","title":{"rendered":"Kolejny pijany komendant stra\u017cy po\u017carnej. Twierdzi, \u017ce mia\u0142 wa\u017cny pow\u00f3d"},"content":{"rendered":"<p><strong>Kolejny komendant stra\u017cy po\u017carnej PSP z naszego regionu zosta\u0142 zatrzymany za jazd\u0119 pod wp\u0142ywem alkoholu. St. bryg. mgr in\u017c. Tomasz Banaszak z Gostynia t\u0142umaczy si\u0119, \u017ce by\u0142o to spowodowane dzia\u0142aniem w stanie wy\u017cszej konieczno\u015bci, ale policja tego nie potwierdza.<\/strong><\/p>\n<p>Wed\u0142ug t\u0142umacze\u0144 komendanta Tomasza Banaszaka z Gostynia wynika, \u017ce w sobot\u0119 rano w czasie prywatnym jecha\u0142 z synem do Wroc\u0142awia w sprawie wynajmu mieszkania. Nagle jego syn, kt\u00f3ry kierowa\u0142 samochodem, zacz\u0105\u0142 si\u0119 krztusi\u0107 landrynk\u0105. Kiedy pojazd si\u0119 zatrzyma\u0142, Tomasz Banaszak wyci\u0105gn\u0105\u0142 syna i zastosowa\u0142 chwyt Heimlicha. Jak przekonywa\u0142 w rozmowie, w ten spos\u00f3b udro\u017cni\u0142 jego drogi oddechowe. Wiedz\u0105c, \u017ce wa\u017cne jest podanie tlenu, postanowi\u0142 podjecha\u0107 do znajduj\u0105cej si\u0119 niedaleko miejsca stacjonowania karetek pogotowia ratunkowego. Banaszak relacjonowa\u0142, \u017ce wsiad\u0142 za kierownic\u0119 auta i podczas zawracania na skrzy\u017cowaniu zosta\u0142 zatrzymany przez policj\u0119. Badanie alkomatem wykaza\u0142o 0.66 promila &#8211; czyli stan traktowany jako przest\u0119pstwo.<\/p>\n<p>I ostatnie zdanie jest jedynym, kt\u00f3ry pokrywa si\u0119 z wersj\u0105 gosty\u0144skiej policji. Rzecznik policji znaj\u0105c ju\u017c spraw\u0119 powiedzia\u0142, \u017ce kierowca tego samochodu nie przedstawi\u0142, zatrzymuj\u0105cym go funkcjonariuszom, tej historyjki z zakrztuszonym synem. Ma\u0142o tego. Kierowca zosta\u0142 zatrzymany za przekroczenie pr\u0119dko\u015bci o ponad 30 km\/h w terenie zabudowanym i to by\u0142o powodem kontroli drogowej.<\/p>\n<p>Czy prze\u0142o\u017ceni pana komendanta Banaszaka potraktuj\u0105 historyjk\u0119 o synu jako wystarczaj\u0105ce usprawiedliwienie czy bardziej b\u0119d\u0105 polega\u0107 na ustaleniach gosty\u0144skiej policji? Na ten moment straci\u0142 prawo jazdy i co warte podkre\u015blenia w chwili zdarzenia by\u0142 w czasie wolnym od pracy.<\/p>\n<p><img loading=\"lazy\" decoding=\"async\" class=\"alignnone size-full wp-image-21012\" src=\"https:\/\/ostrowskatv.pl\/wp-content\/uploads\/2022\/08\/IMG_20220829_112606.jpg\" alt=\"\" width=\"239\" height=\"335\" srcset=\"https:\/\/ostrowskatv.pl\/wp-content\/uploads\/2022\/08\/IMG_20220829_112606.jpg 239w, https:\/\/ostrowskatv.pl\/wp-content\/uploads\/2022\/08\/IMG_20220829_112606-214x300.jpg 214w\" sizes=\"auto, (max-width: 239px) 100vw, 239px\" \/><\/p>\n","protected":false},"excerpt":{"rendered":"Kolejny komendant stra\u017cy po\u017carnej PSP z naszego regionu zosta\u0142 zatrzymany za jazd\u0119 pod wp\u0142ywem alkoholu. St. bryg. mgr in\u017c. Tomasz Banaszak z Gostynia \n<a class=\"moretag\" href=\"https:\/\/ostrowskatv.pl\/?p=21000\"> [...]<\/a>","protected":false},"author":1,"featured_media":21001,"comment_status":"open","ping_status":"closed","sticky":false,"template":"","format":"standard","meta":{"footnotes":""},"categories":[1],"tags":[250],"class_list":["post-21000","post","type-post","status-publish","format-standard","has-post-thumbnail","hentry","category-news","tag-powiat-gostynski"],"_links":{"self":[{"href":"https:\/\/ostrowskatv.pl\/index.php?rest_route=\/wp\/v2\/posts\/21000","targetHints":{"allow":["GET"]}}],"collection":[{"href":"https:\/\/ostrowskatv.pl\/index.php?rest_route=\/wp\/v2\/posts"}],"about":[{"href":"https:\/\/ostrowskatv.pl\/index.php?rest_route=\/wp\/v2\/types\/post"}],"author":[{"embeddable":true,"href":"https:\/\/ostrowskatv.pl\/index.php?rest_route=\/wp\/v2\/users\/1"}],"replies":[{"embeddable":true,"href":"https:\/\/ostrowskatv.pl\/index.php?rest_route=%2Fwp%2Fv2%2Fcomments&post=21000"}],"version-history":[{"count":0,"href":"https:\/\/ostrowskatv.pl\/index.php?rest_route=\/wp\/v2\/posts\/21000\/revisions"}],"wp:featuredmedia":[{"embeddable":true,"href":"https:\/\/ostrowskatv.pl\/index.php?rest_route=\/wp\/v2\/media\/21001"}],"wp:attachment":[{"href":"https:\/\/ostrowskatv.pl\/index.php?rest_route=%2Fwp%2Fv2%2Fmedia&parent=21000"}],"wp:term":[{"taxonomy":"category","embeddable":true,"href":"https:\/\/ostrowskatv.pl\/index.php?rest_route=%2Fwp%2Fv2%2Fcategories&post=21000"},{"taxonomy":"post_tag","embeddable":true,"href":"https:\/\/ostrowskatv.pl\/index.php?rest_route=%2Fwp%2Fv2%2Ftags&post=21000"}],"curies":[{"name":"wp","href":"https:\/\/api.w.org\/{rel}","templated":true}]}}