{"id":20941,"date":"2022-08-28T04:01:45","date_gmt":"2022-08-28T03:01:45","guid":{"rendered":"https:\/\/ostrowskatv.pl\/?p=20941"},"modified":"2022-08-28T05:08:55","modified_gmt":"2022-08-28T04:08:55","slug":"splonely-3-auta-ktos-podpalil","status":"publish","type":"post","link":"https:\/\/ostrowskatv.pl\/?p=20941","title":{"rendered":"Sp\u0142on\u0119\u0142y 3 auta. Kto\u015b podpali\u0142? (wideo)"},"content":{"rendered":"<p><strong>Oko\u0142o godziny 2.30 zauwa\u017cono po\u017car trzech aut osobowych w centrum Ostrowa Wielkopolskiego. Sta\u0142y one zaparkowane przed blokiem w rejonie ulic Wolno\u015bci i D\u0105browskiego.<\/strong><\/p>\n<p>Najmocniej spali\u0142 si\u0119 seat. Nast\u0119pnie ogie\u0144 zacz\u0105\u0142 przenosi\u0107 si\u0119 zar\u00f3wno na peugeota oraz kia.<\/p>\n<p>Stra\u017cakom uda\u0142o si\u0119 ugasi\u0107 ogie\u0144. Teren zabezpieczy\u0142a policja i b\u0119dzie prowadzi\u0107 dochodzenie odno\u015bnie przyczyn po\u017caru.<\/p>\n<p><img loading=\"lazy\" decoding=\"async\" src=\"https:\/\/ostrowskatv.pl\/wp-content\/uploads\/2022\/08\/20220828_044430-01.jpeg\" alt=\"\" width=\"1365\" height=\"911\" class=\"alignnone size-full wp-image-20942\" srcset=\"https:\/\/ostrowskatv.pl\/wp-content\/uploads\/2022\/08\/20220828_044430-01.jpeg 1365w, https:\/\/ostrowskatv.pl\/wp-content\/uploads\/2022\/08\/20220828_044430-01-300x200.jpeg 300w, https:\/\/ostrowskatv.pl\/wp-content\/uploads\/2022\/08\/20220828_044430-01-539x360.jpeg 539w\" sizes=\"auto, (max-width: 1365px) 100vw, 1365px\" \/><\/p>\n<p><img loading=\"lazy\" decoding=\"async\" src=\"https:\/\/ostrowskatv.pl\/wp-content\/uploads\/2022\/08\/20220828_044437-01.jpeg\" alt=\"\" width=\"1366\" height=\"1025\" class=\"alignnone size-full wp-image-20943\" srcset=\"https:\/\/ostrowskatv.pl\/wp-content\/uploads\/2022\/08\/20220828_044437-01.jpeg 1366w, https:\/\/ostrowskatv.pl\/wp-content\/uploads\/2022\/08\/20220828_044437-01-300x225.jpeg 300w, https:\/\/ostrowskatv.pl\/wp-content\/uploads\/2022\/08\/20220828_044437-01-480x360.jpeg 480w\" sizes=\"auto, (max-width: 1366px) 100vw, 1366px\" \/><\/p>\n<p><img loading=\"lazy\" decoding=\"async\" src=\"https:\/\/ostrowskatv.pl\/wp-content\/uploads\/2022\/08\/20220828_044443-01.jpeg\" alt=\"\" width=\"1366\" height=\"888\" class=\"alignnone size-full wp-image-20944\" srcset=\"https:\/\/ostrowskatv.pl\/wp-content\/uploads\/2022\/08\/20220828_044443-01.jpeg 1366w, https:\/\/ostrowskatv.pl\/wp-content\/uploads\/2022\/08\/20220828_044443-01-300x195.jpeg 300w, https:\/\/ostrowskatv.pl\/wp-content\/uploads\/2022\/08\/20220828_044443-01-554x360.jpeg 554w\" sizes=\"auto, (max-width: 1366px) 100vw, 1366px\" \/><\/p>\n<p><img loading=\"lazy\" decoding=\"async\" src=\"https:\/\/ostrowskatv.pl\/wp-content\/uploads\/2022\/08\/20220828_044449-01.jpeg\" alt=\"\" width=\"1366\" height=\"1025\" class=\"alignnone size-full wp-image-20945\" srcset=\"https:\/\/ostrowskatv.pl\/wp-content\/uploads\/2022\/08\/20220828_044449-01.jpeg 1366w, https:\/\/ostrowskatv.pl\/wp-content\/uploads\/2022\/08\/20220828_044449-01-300x225.jpeg 300w, https:\/\/ostrowskatv.pl\/wp-content\/uploads\/2022\/08\/20220828_044449-01-480x360.jpeg 480w\" sizes=\"auto, (max-width: 1366px) 100vw, 1366px\" \/><\/p>\n<p><img loading=\"lazy\" decoding=\"async\" src=\"https:\/\/ostrowskatv.pl\/wp-content\/uploads\/2022\/08\/20220828_044520-01.jpeg\" alt=\"\" width=\"1366\" height=\"1025\" class=\"alignnone size-full wp-image-20946\" srcset=\"https:\/\/ostrowskatv.pl\/wp-content\/uploads\/2022\/08\/20220828_044520-01.jpeg 1366w, https:\/\/ostrowskatv.pl\/wp-content\/uploads\/2022\/08\/20220828_044520-01-300x225.jpeg 300w, https:\/\/ostrowskatv.pl\/wp-content\/uploads\/2022\/08\/20220828_044520-01-480x360.jpeg 480w\" sizes=\"auto, (max-width: 1366px) 100vw, 1366px\" \/><\/p>\n<p>https:\/\/www.ostrow24.tv\/news\/168278-splonely-3-auta-ktos-podpali-zdjecia.html<\/p>\n","protected":false},"excerpt":{"rendered":"Oko\u0142o godziny 2.30 zauwa\u017cono po\u017car trzech aut osobowych w centrum Ostrowa Wielkopolskiego. Sta\u0142y one zaparkowane przed blokiem w rejonie ulic Wolno\u015bci i D\u0105browskiego. \n<a class=\"moretag\" href=\"https:\/\/ostrowskatv.pl\/?p=20941\"> [...]<\/a>","protected":false},"author":1,"featured_media":20942,"comment_status":"open","ping_status":"closed","sticky":false,"template":"","format":"standard","meta":{"footnotes":""},"categories":[1],"tags":[7],"class_list":["post-20941","post","type-post","status-publish","format-standard","has-post-thumbnail","hentry","category-news","tag-pozar"],"_links":{"self":[{"href":"https:\/\/ostrowskatv.pl\/index.php?rest_route=\/wp\/v2\/posts\/20941","targetHints":{"allow":["GET"]}}],"collection":[{"href":"https:\/\/ostrowskatv.pl\/index.php?rest_route=\/wp\/v2\/posts"}],"about":[{"href":"https:\/\/ostrowskatv.pl\/index.php?rest_route=\/wp\/v2\/types\/post"}],"author":[{"embeddable":true,"href":"https:\/\/ostrowskatv.pl\/index.php?rest_route=\/wp\/v2\/users\/1"}],"replies":[{"embeddable":true,"href":"https:\/\/ostrowskatv.pl\/index.php?rest_route=%2Fwp%2Fv2%2Fcomments&post=20941"}],"version-history":[{"count":0,"href":"https:\/\/ostrowskatv.pl\/index.php?rest_route=\/wp\/v2\/posts\/20941\/revisions"}],"wp:featuredmedia":[{"embeddable":true,"href":"https:\/\/ostrowskatv.pl\/index.php?rest_route=\/wp\/v2\/media\/20942"}],"wp:attachment":[{"href":"https:\/\/ostrowskatv.pl\/index.php?rest_route=%2Fwp%2Fv2%2Fmedia&parent=20941"}],"wp:term":[{"taxonomy":"category","embeddable":true,"href":"https:\/\/ostrowskatv.pl\/index.php?rest_route=%2Fwp%2Fv2%2Fcategories&post=20941"},{"taxonomy":"post_tag","embeddable":true,"href":"https:\/\/ostrowskatv.pl\/index.php?rest_route=%2Fwp%2Fv2%2Ftags&post=20941"}],"curies":[{"name":"wp","href":"https:\/\/api.w.org\/{rel}","templated":true}]}}