{"id":20936,"date":"2022-08-26T16:59:27","date_gmt":"2022-08-26T15:59:27","guid":{"rendered":"https:\/\/ostrowskatv.pl\/?p=20936"},"modified":"2022-08-26T16:59:27","modified_gmt":"2022-08-26T15:59:27","slug":"2-latek-uwieziony-w-mieszkaniu","status":"publish","type":"post","link":"https:\/\/ostrowskatv.pl\/?p=20936","title":{"rendered":"2-latek uwi\u0119ziony w mieszkaniu"},"content":{"rendered":"<p><strong>Ostrowscy stra\u017cacy zostali zadysponowani do uwi\u0119zionego 2-latka w jednej z kamienic przy ulicy Kolejowej w Ostrowie Wielkopolskim. Zanim stra\u017cacy Przybyli na miejsce, s\u0105siad za pomoc\u0105 \u015brubokr\u0119ta otworzy\u0142 drzwi na pro\u015bb\u0119 matki dziecka.<\/strong><\/p>\n<p>Tym razem zako\u0144czy\u0142o si\u0119 szcz\u0119\u015bliwie tylko na strachu rodzica. Stra\u017cacy nie musieli ju\u017c podejmowa\u0107 \u017cadnych dzia\u0142a\u0144. Na miejsce nie wezwano policjant\u00f3w, kt\u00f3rzy zweryfikowaliby czy dziecku realnie nic nie zagra\u017ca\u0142o.<\/p>\n<p><img loading=\"lazy\" decoding=\"async\" src=\"https:\/\/ostrowskatv.pl\/wp-content\/uploads\/2022\/08\/20220826_163849-01.jpeg\" alt=\"\" width=\"1366\" height=\"862\" class=\"alignnone size-full wp-image-20937\" srcset=\"https:\/\/ostrowskatv.pl\/wp-content\/uploads\/2022\/08\/20220826_163849-01.jpeg 1366w, https:\/\/ostrowskatv.pl\/wp-content\/uploads\/2022\/08\/20220826_163849-01-300x189.jpeg 300w, https:\/\/ostrowskatv.pl\/wp-content\/uploads\/2022\/08\/20220826_163849-01-570x360.jpeg 570w\" sizes=\"auto, (max-width: 1366px) 100vw, 1366px\" \/><\/p>\n","protected":false},"excerpt":{"rendered":"Ostrowscy stra\u017cacy zostali zadysponowani do uwi\u0119zionego 2-latka w jednej z kamienic przy ulicy Kolejowej w Ostrowie Wielkopolskim. Zanim stra\u017cacy Przybyli na miejsce, s\u0105siad \n<a class=\"moretag\" href=\"https:\/\/ostrowskatv.pl\/?p=20936\"> [...]<\/a>","protected":false},"author":1,"featured_media":20938,"comment_status":"open","ping_status":"closed","sticky":false,"template":"","format":"standard","meta":{"footnotes":""},"categories":[1],"tags":[187],"class_list":["post-20936","post","type-post","status-publish","format-standard","has-post-thumbnail","hentry","category-news","tag-dziecko"],"_links":{"self":[{"href":"https:\/\/ostrowskatv.pl\/index.php?rest_route=\/wp\/v2\/posts\/20936","targetHints":{"allow":["GET"]}}],"collection":[{"href":"https:\/\/ostrowskatv.pl\/index.php?rest_route=\/wp\/v2\/posts"}],"about":[{"href":"https:\/\/ostrowskatv.pl\/index.php?rest_route=\/wp\/v2\/types\/post"}],"author":[{"embeddable":true,"href":"https:\/\/ostrowskatv.pl\/index.php?rest_route=\/wp\/v2\/users\/1"}],"replies":[{"embeddable":true,"href":"https:\/\/ostrowskatv.pl\/index.php?rest_route=%2Fwp%2Fv2%2Fcomments&post=20936"}],"version-history":[{"count":0,"href":"https:\/\/ostrowskatv.pl\/index.php?rest_route=\/wp\/v2\/posts\/20936\/revisions"}],"wp:featuredmedia":[{"embeddable":true,"href":"https:\/\/ostrowskatv.pl\/index.php?rest_route=\/wp\/v2\/media\/20938"}],"wp:attachment":[{"href":"https:\/\/ostrowskatv.pl\/index.php?rest_route=%2Fwp%2Fv2%2Fmedia&parent=20936"}],"wp:term":[{"taxonomy":"category","embeddable":true,"href":"https:\/\/ostrowskatv.pl\/index.php?rest_route=%2Fwp%2Fv2%2Fcategories&post=20936"},{"taxonomy":"post_tag","embeddable":true,"href":"https:\/\/ostrowskatv.pl\/index.php?rest_route=%2Fwp%2Fv2%2Ftags&post=20936"}],"curies":[{"name":"wp","href":"https:\/\/api.w.org\/{rel}","templated":true}]}}