{"id":20924,"date":"2022-08-26T12:27:42","date_gmt":"2022-08-26T11:27:42","guid":{"rendered":"https:\/\/ostrowskatv.pl\/?p=20924"},"modified":"2022-08-26T13:19:02","modified_gmt":"2022-08-26T12:19:02","slug":"zona-slynnego-roma-wjechala-w-bmw","status":"publish","type":"post","link":"https:\/\/ostrowskatv.pl\/?p=20924","title":{"rendered":"Kobieta z rodziny s\u0142ynnego Roma wjecha\u0142a w BMW"},"content":{"rendered":"<p><strong>Kobieta kieruj\u0105ca mercedesem wyjecha\u0142a z ulicy Szczeci\u0144skiej w Ostrowie Wlkp. i doprowadzi\u0142a do zderzenia z BMW.<\/strong><\/p>\n<p>Sprawczyni jecha\u0142a w stron\u0119 ulicy \u017beromskiego\u00a0 a od Piask\u00f3w nadje\u017cd\u017ca\u0142 m\u0142ody m\u0119\u017cczyzna w\u00a0 BMW z przyczepk\u0105. Poszkodowany uderzy\u0142 w bok mercedesa od strony pasa\u017cerki.<\/p>\n<p>Na miejsce wys\u0142ano dwa wozy stra\u017cy po\u017carnej, 2 karetki pogotowia i dwa patrole drog\u00f3wki. Jedn\u0105 osob\u0119 &#8211;\u00a0 kieruj\u0105c\u0105 mercedesem &#8211;\u00a0 przetransportowano do szpitala.<\/p>\n<p>Mercedesem kierowa\u0142a \u017cona s\u0142ynnego ostrowskiego Roma, kt\u00f3ry kiedy\u015b zapowiada\u0142, \u017ce rzuci granatem na komend\u0119 policji, a po dw\u00f3ch latach zatrzymali go funkcjonariusze CB\u015a w zwi\u0105zku z podejrzeniem wy\u0142udzania pieni\u0119dzy z zagranicznych socjali.<\/p>\n<p>&lt;strong&gt;Kobieta kieruj\u0105ca mercedesem wyjecha\u0142a z ulicy Szczeci\u0144skiej w Ostrowie Wlkp. i doprowadzi\u0142a do zderzenia z BMW.&lt;\/strong&gt;<\/p>\n<p>Sprawczyni jecha\u0142a w stron\u0119 ulicy \u017beromskiego\u00a0a od Piask\u00f3w nadje\u017cd\u017ca\u0142 m\u0142ody m\u0119\u017cczyzna w\u00a0BMW z przyczepk\u0105. Poszkodowany uderzy\u0142 w bok mercedesa od strony pasa\u017cerki.<\/p>\n<p>Na miejsce wys\u0142ano dwa wozy stra\u017cy po\u017carnej, 2 karetki pogotowia i dwa patrole drog\u00f3wki. Jedn\u0105 osob\u0119 &#8211;\u00a0 pasa\u017cerk\u0119 mercedesem &#8211;\u00a0 przetransportowano do szpitala.<\/p>\n<p>Mercedesem kierowa\u0142a kobieta z rodziny s\u0142ynnego ostrowskiego Roma, kt\u00f3ry kiedy\u015b zapowiada\u0142, \u017ce rzuci granatem na komend\u0119 policji, a po dw\u00f3ch latach zatrzymali go funkcjonariusze CB\u015a w zwi\u0105zku z podejrzeniem wy\u0142udzania pieni\u0119dzy z zagranicznych socjali.<\/p>\n<p>44-letnia sprawczyni wypadku nie mia\u0142a uprawnie\u0144 do kierowania autem, a w systemie ubezpiecze\u0144 nie by\u0142o wida\u0107 wykupionego OC.<\/p>\n<p><img loading=\"lazy\" decoding=\"async\" class=\"alignnone size-full wp-image-20925\" src=\"https:\/\/ostrowskatv.pl\/wp-content\/uploads\/2022\/08\/20220826_124036-01.jpeg\" alt=\"\" width=\"1366\" height=\"895\" srcset=\"https:\/\/ostrowskatv.pl\/wp-content\/uploads\/2022\/08\/20220826_124036-01.jpeg 1366w, https:\/\/ostrowskatv.pl\/wp-content\/uploads\/2022\/08\/20220826_124036-01-300x197.jpeg 300w, https:\/\/ostrowskatv.pl\/wp-content\/uploads\/2022\/08\/20220826_124036-01-549x360.jpeg 549w\" sizes=\"auto, (max-width: 1366px) 100vw, 1366px\" \/> <img loading=\"lazy\" decoding=\"async\" class=\"alignnone size-full wp-image-20926\" src=\"https:\/\/ostrowskatv.pl\/wp-content\/uploads\/2022\/08\/20220826_124037-01.jpeg\" alt=\"\" width=\"1225\" height=\"1366\" srcset=\"https:\/\/ostrowskatv.pl\/wp-content\/uploads\/2022\/08\/20220826_124037-01.jpeg 1225w, https:\/\/ostrowskatv.pl\/wp-content\/uploads\/2022\/08\/20220826_124037-01-269x300.jpeg 269w, https:\/\/ostrowskatv.pl\/wp-content\/uploads\/2022\/08\/20220826_124037-01-323x360.jpeg 323w\" sizes=\"auto, (max-width: 1225px) 100vw, 1225px\" \/> <img loading=\"lazy\" decoding=\"async\" class=\"alignnone size-full wp-image-20927\" src=\"https:\/\/ostrowskatv.pl\/wp-content\/uploads\/2022\/08\/20220826_124448-01.jpeg\" alt=\"\" width=\"1366\" height=\"769\" srcset=\"https:\/\/ostrowskatv.pl\/wp-content\/uploads\/2022\/08\/20220826_124448-01.jpeg 1366w, https:\/\/ostrowskatv.pl\/wp-content\/uploads\/2022\/08\/20220826_124448-01-300x169.jpeg 300w, https:\/\/ostrowskatv.pl\/wp-content\/uploads\/2022\/08\/20220826_124448-01-640x360.jpeg 640w\" sizes=\"auto, (max-width: 1366px) 100vw, 1366px\" \/> <img loading=\"lazy\" decoding=\"async\" class=\"alignnone size-full wp-image-20928\" src=\"https:\/\/ostrowskatv.pl\/wp-content\/uploads\/2022\/08\/20220826_124452-01.jpeg\" alt=\"\" width=\"1366\" height=\"854\" srcset=\"https:\/\/ostrowskatv.pl\/wp-content\/uploads\/2022\/08\/20220826_124452-01.jpeg 1366w, https:\/\/ostrowskatv.pl\/wp-content\/uploads\/2022\/08\/20220826_124452-01-300x188.jpeg 300w, https:\/\/ostrowskatv.pl\/wp-content\/uploads\/2022\/08\/20220826_124452-01-576x360.jpeg 576w\" sizes=\"auto, (max-width: 1366px) 100vw, 1366px\" \/> <img loading=\"lazy\" decoding=\"async\" class=\"alignnone size-full wp-image-20929\" src=\"https:\/\/ostrowskatv.pl\/wp-content\/uploads\/2022\/08\/20220826_124455-01.jpeg\" alt=\"\" width=\"1366\" height=\"1025\" srcset=\"https:\/\/ostrowskatv.pl\/wp-content\/uploads\/2022\/08\/20220826_124455-01.jpeg 1366w, https:\/\/ostrowskatv.pl\/wp-content\/uploads\/2022\/08\/20220826_124455-01-300x225.jpeg 300w, https:\/\/ostrowskatv.pl\/wp-content\/uploads\/2022\/08\/20220826_124455-01-480x360.jpeg 480w\" sizes=\"auto, (max-width: 1366px) 100vw, 1366px\" \/><\/p>\n<p><img loading=\"lazy\" decoding=\"async\" class=\"alignnone size-full wp-image-20931\" src=\"https:\/\/ostrowskatv.pl\/wp-content\/uploads\/2022\/08\/20220826_132634-01.jpeg\" alt=\"\" width=\"1366\" height=\"598\" srcset=\"https:\/\/ostrowskatv.pl\/wp-content\/uploads\/2022\/08\/20220826_132634-01.jpeg 1366w, https:\/\/ostrowskatv.pl\/wp-content\/uploads\/2022\/08\/20220826_132634-01-300x131.jpeg 300w, https:\/\/ostrowskatv.pl\/wp-content\/uploads\/2022\/08\/20220826_132634-01-640x280.jpeg 640w\" sizes=\"auto, (max-width: 1366px) 100vw, 1366px\" \/><\/p>\n","protected":false},"excerpt":{"rendered":"Kobieta kieruj\u0105ca mercedesem wyjecha\u0142a z ulicy Szczeci\u0144skiej w Ostrowie Wlkp. i doprowadzi\u0142a do zderzenia z BMW. Sprawczyni jecha\u0142a w stron\u0119 ulicy \u017beromskiego\u00a0 a \n<a class=\"moretag\" href=\"https:\/\/ostrowskatv.pl\/?p=20924\"> [...]<\/a>","protected":false},"author":1,"featured_media":20925,"comment_status":"open","ping_status":"closed","sticky":false,"template":"","format":"standard","meta":{"footnotes":""},"categories":[1],"tags":[48],"class_list":["post-20924","post","type-post","status-publish","format-standard","has-post-thumbnail","hentry","category-news","tag-kolizja"],"_links":{"self":[{"href":"https:\/\/ostrowskatv.pl\/index.php?rest_route=\/wp\/v2\/posts\/20924","targetHints":{"allow":["GET"]}}],"collection":[{"href":"https:\/\/ostrowskatv.pl\/index.php?rest_route=\/wp\/v2\/posts"}],"about":[{"href":"https:\/\/ostrowskatv.pl\/index.php?rest_route=\/wp\/v2\/types\/post"}],"author":[{"embeddable":true,"href":"https:\/\/ostrowskatv.pl\/index.php?rest_route=\/wp\/v2\/users\/1"}],"replies":[{"embeddable":true,"href":"https:\/\/ostrowskatv.pl\/index.php?rest_route=%2Fwp%2Fv2%2Fcomments&post=20924"}],"version-history":[{"count":0,"href":"https:\/\/ostrowskatv.pl\/index.php?rest_route=\/wp\/v2\/posts\/20924\/revisions"}],"wp:featuredmedia":[{"embeddable":true,"href":"https:\/\/ostrowskatv.pl\/index.php?rest_route=\/wp\/v2\/media\/20925"}],"wp:attachment":[{"href":"https:\/\/ostrowskatv.pl\/index.php?rest_route=%2Fwp%2Fv2%2Fmedia&parent=20924"}],"wp:term":[{"taxonomy":"category","embeddable":true,"href":"https:\/\/ostrowskatv.pl\/index.php?rest_route=%2Fwp%2Fv2%2Fcategories&post=20924"},{"taxonomy":"post_tag","embeddable":true,"href":"https:\/\/ostrowskatv.pl\/index.php?rest_route=%2Fwp%2Fv2%2Ftags&post=20924"}],"curies":[{"name":"wp","href":"https:\/\/api.w.org\/{rel}","templated":true}]}}