{"id":20898,"date":"2022-08-24T15:02:08","date_gmt":"2022-08-24T14:02:08","guid":{"rendered":"https:\/\/ostrowskatv.pl\/?p=20898"},"modified":"2022-08-24T15:02:08","modified_gmt":"2022-08-24T14:02:08","slug":"prawie-potracil-dziecko-przy-kosciele-figurowal-w-systemie","status":"publish","type":"post","link":"https:\/\/ostrowskatv.pl\/?p=20898","title":{"rendered":"Prawie potr\u0105ci\u0142 dziecko przy ko\u015bciele. Figurowa\u0142 w systemie"},"content":{"rendered":"<p><strong>We wtorek oko\u0142o godziny 18.10 na skrzy\u017cowaniu ulic Limanowskiego i Reymonta w Ostrowie Wielkopolskim dosz\u0142o do niebezpiecznej sytuacji. 36-letni m\u0119\u017cczyzna wyje\u017cd\u017ca\u0142 renault scenic z przyko\u015bcielnego parkingu. Nie ust\u0105pi\u0142 pierwsze\u0144stwa dziecku znajduj\u0105cemu si\u0119 ju\u017c na \u015brodku przej\u015bcia dla pieszych.<\/strong><\/p>\n<p>Do akcji wkroczy\u0142 ojciec dziecka, kt\u00f3ry nakaza\u0142 kierowcy renault pozosta\u0107 na miejscu do czasu przyjazdu patrolu policji. 36-latek przyzna\u0142 si\u0119 do winy i pierwotnie m\u00f3g\u0142 zosta\u0107 ukarany mandatem 1500 z\u0142otych oraz 10 punktami karnymi. Okaza\u0142o si\u0119 jednak, \u017ce 36-letni m\u0119\u017cczyzna nie ma uprawnie\u0144 do kierowania pojazdami. W tej sytuacji funkcjonariusze skierowali do s\u0105du wniosek o ukaranie. <\/p>\n<p>Przy pierwszym badaniu kierowca renault mia\u0142 niewielk\u0105 ilo\u015b\u0107 alkoholu, kt\u00f3ra jest dopuszczalna prawem. <\/p>\n","protected":false},"excerpt":{"rendered":"We wtorek oko\u0142o godziny 18.10 na skrzy\u017cowaniu ulic Limanowskiego i Reymonta w Ostrowie Wielkopolskim dosz\u0142o do niebezpiecznej sytuacji. 36-letni m\u0119\u017cczyzna wyje\u017cd\u017ca\u0142 renault scenic \n<a class=\"moretag\" href=\"https:\/\/ostrowskatv.pl\/?p=20898\"> [...]<\/a>","protected":false},"author":1,"featured_media":20897,"comment_status":"open","ping_status":"closed","sticky":false,"template":"","format":"standard","meta":{"footnotes":""},"categories":[1],"tags":[2],"class_list":["post-20898","post","type-post","status-publish","format-standard","has-post-thumbnail","hentry","category-news","tag-ostrow-wielkopolski"],"_links":{"self":[{"href":"https:\/\/ostrowskatv.pl\/index.php?rest_route=\/wp\/v2\/posts\/20898","targetHints":{"allow":["GET"]}}],"collection":[{"href":"https:\/\/ostrowskatv.pl\/index.php?rest_route=\/wp\/v2\/posts"}],"about":[{"href":"https:\/\/ostrowskatv.pl\/index.php?rest_route=\/wp\/v2\/types\/post"}],"author":[{"embeddable":true,"href":"https:\/\/ostrowskatv.pl\/index.php?rest_route=\/wp\/v2\/users\/1"}],"replies":[{"embeddable":true,"href":"https:\/\/ostrowskatv.pl\/index.php?rest_route=%2Fwp%2Fv2%2Fcomments&post=20898"}],"version-history":[{"count":0,"href":"https:\/\/ostrowskatv.pl\/index.php?rest_route=\/wp\/v2\/posts\/20898\/revisions"}],"wp:featuredmedia":[{"embeddable":true,"href":"https:\/\/ostrowskatv.pl\/index.php?rest_route=\/wp\/v2\/media\/20897"}],"wp:attachment":[{"href":"https:\/\/ostrowskatv.pl\/index.php?rest_route=%2Fwp%2Fv2%2Fmedia&parent=20898"}],"wp:term":[{"taxonomy":"category","embeddable":true,"href":"https:\/\/ostrowskatv.pl\/index.php?rest_route=%2Fwp%2Fv2%2Fcategories&post=20898"},{"taxonomy":"post_tag","embeddable":true,"href":"https:\/\/ostrowskatv.pl\/index.php?rest_route=%2Fwp%2Fv2%2Ftags&post=20898"}],"curies":[{"name":"wp","href":"https:\/\/api.w.org\/{rel}","templated":true}]}}