{"id":20893,"date":"2022-08-24T09:38:00","date_gmt":"2022-08-24T08:38:00","guid":{"rendered":"https:\/\/ostrowskatv.pl\/?p=20893"},"modified":"2022-08-24T09:55:43","modified_gmt":"2022-08-24T08:55:43","slug":"ulewa-i-jej-skutki-na-filmie-23-08-2022","status":"publish","type":"post","link":"https:\/\/ostrowskatv.pl\/?p=20893","title":{"rendered":"Ulewa i jej skutki na filmie &#8211; 23.08.2022"},"content":{"rendered":"<p><strong>Po godzinie 20 nad Ostrowem zawiesi\u0142 si\u0119 chmura deszczowa kt\u00f3ra spowodowa\u0142a zatopienie wielu miejsc. Przez ponad godzin\u0119 spad\u0142o 50 litr\u00f3w na m2. Do akcji ratowania mienia \u015bci\u0105gni\u0119to jednostki stra\u017cy po\u017carnej z powiatu ostrowskiego oraz z Kalisza.<\/strong><\/p>\n<p>Czy mo\u017cna by\u0142o przewidzie\u0107 tak intensywny opad? \u017badna prognoza nie zapowiada\u0142a a\u017c tak intensywnych opad\u00f3w. Najpierw chmura wisia\u0142a w okolicy Grabowa nad Prosn\u0105, jej cz\u0119\u015b\u0107 przeskoczy\u0142a w okolice Lamek i Jask\u00f3\u0142ek po czym zawiesi\u0142a si\u0119 jedna kom\u00f3rka nad Ostrowem Wielkopolskim.<\/p>\n<p>Du\u017ce straty powsta\u0142y w przedszkolu przy ulicy Wa\u0144kowicza. Woda wdar\u0142a si\u0119 do \u015brodka i zala\u0142a wiele pomieszcze\u0144.<\/p>\n<p>Stra\u017cacy interweniowali r\u00f3wnie\u017c przy ulicy Grobla i Nadbrze\u017cnej,\u00a0 gdzie by\u0142y zagro\u017cone budynki z powodu rzeki O\u0142obok.<\/p>\n<p>Przez ca\u0142\u0105 noc ze skutkami ulewy walczy\u0142o 35 zast\u0119p\u00f3w stra\u017cy po\u017carnej, w tym oko\u0142o 150 stra\u017cak\u00f3w, kt\u00f3rym nale\u017c\u0105 si\u0119 WIELKIE PODZI\u0118KOWANIA. Ze wsparciem przyjecha\u0142 r\u00f3wnie\u017c pluton z Kalisza. Dzi\u0119ki heroicznej pracy wszystkich stra\u017cak\u00f3w zmniejszono skutki \u017cywio\u0142u.<\/p>\n<p>Odpowiadaj\u0105c na wiele pyta\u0144, tym razem radiowozy stra\u017cy miejskiej i &#8222;prezydencka limuzyna&#8221; nie zosta\u0142y zatopione. W okresie letnim s\u0105 parkowane w r\u00f3\u017cnych cz\u0119\u015bciach miastach, kt\u00f3re nie s\u0142yn\u0105 z bycia zalewanymi.<\/p>\n<p><iframe loading=\"lazy\" title=\"Ostr\u00f3w Wielkopolski zalany wod\u0105 - ULEWA 23.08.2022 r.\" width=\"747\" height=\"420\" src=\"https:\/\/www.youtube.com\/embed\/BFGssKjR2L8?feature=oembed\" frameborder=\"0\" allow=\"accelerometer; autoplay; clipboard-write; encrypted-media; gyroscope; picture-in-picture; web-share\" referrerpolicy=\"strict-origin-when-cross-origin\" allowfullscreen><\/iframe><\/p>\n","protected":false},"excerpt":{"rendered":"Po godzinie 20 nad Ostrowem zawiesi\u0142 si\u0119 chmura deszczowa kt\u00f3ra spowodowa\u0142a zatopienie wielu miejsc. Przez ponad godzin\u0119 spad\u0142o 50 litr\u00f3w na m2. Do \n<a class=\"moretag\" href=\"https:\/\/ostrowskatv.pl\/?p=20893\"> [...]<\/a>","protected":false},"author":1,"featured_media":20880,"comment_status":"open","ping_status":"closed","sticky":false,"template":"","format":"standard","meta":{"footnotes":""},"categories":[1],"tags":[2],"class_list":["post-20893","post","type-post","status-publish","format-standard","has-post-thumbnail","hentry","category-news","tag-ostrow-wielkopolski"],"_links":{"self":[{"href":"https:\/\/ostrowskatv.pl\/index.php?rest_route=\/wp\/v2\/posts\/20893","targetHints":{"allow":["GET"]}}],"collection":[{"href":"https:\/\/ostrowskatv.pl\/index.php?rest_route=\/wp\/v2\/posts"}],"about":[{"href":"https:\/\/ostrowskatv.pl\/index.php?rest_route=\/wp\/v2\/types\/post"}],"author":[{"embeddable":true,"href":"https:\/\/ostrowskatv.pl\/index.php?rest_route=\/wp\/v2\/users\/1"}],"replies":[{"embeddable":true,"href":"https:\/\/ostrowskatv.pl\/index.php?rest_route=%2Fwp%2Fv2%2Fcomments&post=20893"}],"version-history":[{"count":0,"href":"https:\/\/ostrowskatv.pl\/index.php?rest_route=\/wp\/v2\/posts\/20893\/revisions"}],"wp:featuredmedia":[{"embeddable":true,"href":"https:\/\/ostrowskatv.pl\/index.php?rest_route=\/wp\/v2\/media\/20880"}],"wp:attachment":[{"href":"https:\/\/ostrowskatv.pl\/index.php?rest_route=%2Fwp%2Fv2%2Fmedia&parent=20893"}],"wp:term":[{"taxonomy":"category","embeddable":true,"href":"https:\/\/ostrowskatv.pl\/index.php?rest_route=%2Fwp%2Fv2%2Fcategories&post=20893"},{"taxonomy":"post_tag","embeddable":true,"href":"https:\/\/ostrowskatv.pl\/index.php?rest_route=%2Fwp%2Fv2%2Ftags&post=20893"}],"curies":[{"name":"wp","href":"https:\/\/api.w.org\/{rel}","templated":true}]}}