{"id":20811,"date":"2022-08-21T14:20:13","date_gmt":"2022-08-21T13:20:13","guid":{"rendered":"https:\/\/ostrowskatv.pl\/?p=20811"},"modified":"2022-08-21T15:01:08","modified_gmt":"2022-08-21T14:01:08","slug":"mlody-ostrowianin-moze-trafic-do-wiezienia-za-popchniecie","status":"publish","type":"post","link":"https:\/\/ostrowskatv.pl\/?p=20811","title":{"rendered":"M\u0142ody ostrowianin mo\u017ce trafi\u0107 do wi\u0119zienia za popchni\u0119cie"},"content":{"rendered":"<p><strong>Prokuratura Rejonowa w Ostrowie Wielkopolskim prowadzi post\u0119powanie w sprawie spowodowania ci\u0119\u017ckich obra\u017ce\u0144 cia\u0142a. Taki zarzut us\u0142ysza\u0142 24-letni ostrowianin. Do zdarzenia dosz\u0142o 12 sierpnia br. Prokurator zarzuci\u0142 m\u0142odemu ostrowianinowi, \u017ce ten dzia\u0142aj\u0105c z zamiarem ewentualnym spowodowa\u0142 ci\u0119\u017cki uszczerbek na zdrowiu u 44-latka.<\/strong><\/p>\n<p>Obaj m\u0119\u017cczy\u017ani spo\u017cywali wraz ze znajomymi  alkohol przy ulicy Towarowej w Ostrowie Wlkp. Dosz\u0142o mi\u0119dzy nimi do utarczki s\u0142ownej, a podczas awantury m\u0142odszy m\u0119\u017cczyzna mocno popchn\u0105\u0142 starszego. 44-latek upadaj\u0105c uderzy\u0142 g\u0142ow\u0105 o twarde pod\u0142o\u017ce. Obra\u017cenia te realnie zagra\u017ca\u0142y \u017cyciu m\u0119\u017cczyzny. Realnie zagra\u017ca\u0142y \u017cyciu.<\/p>\n<p>Mo\u017cna w tym miejscu pomy\u015ble\u0107 do ilu popchni\u0119\u0107 dochodzi co weekend w okolicy klub\u00f3w dyskotekowych. Statystycznie co kt\u00f3re\u015b z nich ko\u0144czy si\u0119 nieszcz\u0119\u015bliwym upadkiem i obra\u017ceniami mog\u0105cymi spowodowa\u0107 \u015bmier\u0107. <\/p>\n<p>Prokurator zawnioskowa\u0142  o trzymiesi\u0119czny areszt z uwagi na zagro\u017cenie kara od 3 lat pozbawienia wolno\u015bci za spowodowanie ci\u0119\u017ckiego uszczerbku na zdrowiu.<\/p>\n","protected":false},"excerpt":{"rendered":"Prokuratura Rejonowa w Ostrowie Wielkopolskim prowadzi post\u0119powanie w sprawie spowodowania ci\u0119\u017ckich obra\u017ce\u0144 cia\u0142a. Taki zarzut us\u0142ysza\u0142 24-letni ostrowianin. Do zdarzenia dosz\u0142o 12 sierpnia \n<a class=\"moretag\" href=\"https:\/\/ostrowskatv.pl\/?p=20811\"> [...]<\/a>","protected":false},"author":1,"featured_media":18202,"comment_status":"open","ping_status":"closed","sticky":false,"template":"","format":"standard","meta":{"footnotes":""},"categories":[1],"tags":[247],"class_list":["post-20811","post","type-post","status-publish","format-standard","has-post-thumbnail","hentry","category-news","tag-pobicie"],"_links":{"self":[{"href":"https:\/\/ostrowskatv.pl\/index.php?rest_route=\/wp\/v2\/posts\/20811","targetHints":{"allow":["GET"]}}],"collection":[{"href":"https:\/\/ostrowskatv.pl\/index.php?rest_route=\/wp\/v2\/posts"}],"about":[{"href":"https:\/\/ostrowskatv.pl\/index.php?rest_route=\/wp\/v2\/types\/post"}],"author":[{"embeddable":true,"href":"https:\/\/ostrowskatv.pl\/index.php?rest_route=\/wp\/v2\/users\/1"}],"replies":[{"embeddable":true,"href":"https:\/\/ostrowskatv.pl\/index.php?rest_route=%2Fwp%2Fv2%2Fcomments&post=20811"}],"version-history":[{"count":0,"href":"https:\/\/ostrowskatv.pl\/index.php?rest_route=\/wp\/v2\/posts\/20811\/revisions"}],"wp:featuredmedia":[{"embeddable":true,"href":"https:\/\/ostrowskatv.pl\/index.php?rest_route=\/wp\/v2\/media\/18202"}],"wp:attachment":[{"href":"https:\/\/ostrowskatv.pl\/index.php?rest_route=%2Fwp%2Fv2%2Fmedia&parent=20811"}],"wp:term":[{"taxonomy":"category","embeddable":true,"href":"https:\/\/ostrowskatv.pl\/index.php?rest_route=%2Fwp%2Fv2%2Fcategories&post=20811"},{"taxonomy":"post_tag","embeddable":true,"href":"https:\/\/ostrowskatv.pl\/index.php?rest_route=%2Fwp%2Fv2%2Ftags&post=20811"}],"curies":[{"name":"wp","href":"https:\/\/api.w.org\/{rel}","templated":true}]}}