{"id":2071,"date":"2016-08-16T20:30:03","date_gmt":"2016-08-16T19:30:03","guid":{"rendered":"http:\/\/ostrowska.tv\/?p=2071"},"modified":"2016-08-16T20:30:03","modified_gmt":"2016-08-16T19:30:03","slug":"zniwna-dwojka-motocyklistow-rannych","status":"publish","type":"post","link":"https:\/\/ostrowskatv.pl\/?p=2071","title":{"rendered":"\u017bniwna: dw\u00f3jka motocyklist\u00f3w rannych"},"content":{"rendered":"<p><strong>We wtorek na skrzy\u017cowaniu ulic \u017bniwna\/K\u0142osowa zderzy\u0142y si\u0119 osob\u00f3wka z motocyklem. Kierowca auta nie zauwa\u017cy\u0142 jedno\u015bladu przez co wymusi\u0142 pierwsze\u0144stwo i doprowadzi\u0142 do wypadku. Motocykl zosta\u0142 delikatnie zahaczony mask\u0105 i dalej pojecha\u0142 w stron\u0119 latarni.<\/strong><\/p>\n<p>Dw\u00f3jka m\u0142odych ludzi le\u017ca\u0142a na jezdni,\u00a0 trz\u0119s\u0105c si\u0119. Jedna z okolicznych mieszkanek przykry\u0142a ich kocem. Oboje przypomni zostali odwiezieni do szpitala.<\/p>\n<div id='gallery-1' class='gallery galleryid-2071 gallery-columns-3 gallery-size-thumbnail'><figure class='gallery-item'>\n\t\t\t<div class='gallery-icon landscape'>\n\t\t\t\t<a href='https:\/\/ostrowskatv.pl\/?attachment_id=2072'><img loading=\"lazy\" decoding=\"async\" width=\"150\" height=\"150\" src=\"https:\/\/ostrowskatv.pl\/wp-content\/uploads\/2016\/08\/tmp_29976-zniwna4-111580658-150x150.jpg\" class=\"attachment-thumbnail size-thumbnail\" alt=\"\" \/><\/a>\n\t\t\t<\/div><\/figure><figure class='gallery-item'>\n\t\t\t<div class='gallery-icon landscape'>\n\t\t\t\t<a href='https:\/\/ostrowskatv.pl\/?attachment_id=2073'><img loading=\"lazy\" decoding=\"async\" width=\"150\" height=\"150\" src=\"https:\/\/ostrowskatv.pl\/wp-content\/uploads\/2016\/08\/tmp_29976-zniwna3-362141614-150x150.jpg\" class=\"attachment-thumbnail size-thumbnail\" alt=\"\" \/><\/a>\n\t\t\t<\/div><\/figure><figure class='gallery-item'>\n\t\t\t<div class='gallery-icon landscape'>\n\t\t\t\t<a href='https:\/\/ostrowskatv.pl\/?attachment_id=2074'><img loading=\"lazy\" decoding=\"async\" width=\"150\" height=\"150\" src=\"https:\/\/ostrowskatv.pl\/wp-content\/uploads\/2016\/08\/tmp_29976-zniwna11563902056-150x150.jpg\" class=\"attachment-thumbnail size-thumbnail\" alt=\"\" \/><\/a>\n\t\t\t<\/div><\/figure><figure class='gallery-item'>\n\t\t\t<div class='gallery-icon landscape'>\n\t\t\t\t<a href='https:\/\/ostrowskatv.pl\/?attachment_id=2075'><img loading=\"lazy\" decoding=\"async\" width=\"150\" height=\"150\" src=\"https:\/\/ostrowskatv.pl\/wp-content\/uploads\/2016\/08\/tmp_29976-zniwna2-406124711-150x150.jpg\" class=\"attachment-thumbnail size-thumbnail\" alt=\"\" \/><\/a>\n\t\t\t<\/div><\/figure>\n\t\t<\/div>\n\n","protected":false},"excerpt":{"rendered":"We wtorek na skrzy\u017cowaniu ulic \u017bniwna\/K\u0142osowa zderzy\u0142y si\u0119 osob\u00f3wka z motocyklem. Kierowca auta nie zauwa\u017cy\u0142 jedno\u015bladu przez co wymusi\u0142 pierwsze\u0144stwo i doprowadzi\u0142 do \n<a class=\"moretag\" href=\"https:\/\/ostrowskatv.pl\/?p=2071\"> [...]<\/a>","protected":false},"author":1,"featured_media":2074,"comment_status":"open","ping_status":"open","sticky":false,"template":"","format":"standard","meta":{"footnotes":""},"categories":[1],"tags":[2],"class_list":["post-2071","post","type-post","status-publish","format-standard","has-post-thumbnail","hentry","category-news","tag-ostrow-wielkopolski"],"_links":{"self":[{"href":"https:\/\/ostrowskatv.pl\/index.php?rest_route=\/wp\/v2\/posts\/2071","targetHints":{"allow":["GET"]}}],"collection":[{"href":"https:\/\/ostrowskatv.pl\/index.php?rest_route=\/wp\/v2\/posts"}],"about":[{"href":"https:\/\/ostrowskatv.pl\/index.php?rest_route=\/wp\/v2\/types\/post"}],"author":[{"embeddable":true,"href":"https:\/\/ostrowskatv.pl\/index.php?rest_route=\/wp\/v2\/users\/1"}],"replies":[{"embeddable":true,"href":"https:\/\/ostrowskatv.pl\/index.php?rest_route=%2Fwp%2Fv2%2Fcomments&post=2071"}],"version-history":[{"count":0,"href":"https:\/\/ostrowskatv.pl\/index.php?rest_route=\/wp\/v2\/posts\/2071\/revisions"}],"wp:featuredmedia":[{"embeddable":true,"href":"https:\/\/ostrowskatv.pl\/index.php?rest_route=\/wp\/v2\/media\/2074"}],"wp:attachment":[{"href":"https:\/\/ostrowskatv.pl\/index.php?rest_route=%2Fwp%2Fv2%2Fmedia&parent=2071"}],"wp:term":[{"taxonomy":"category","embeddable":true,"href":"https:\/\/ostrowskatv.pl\/index.php?rest_route=%2Fwp%2Fv2%2Fcategories&post=2071"},{"taxonomy":"post_tag","embeddable":true,"href":"https:\/\/ostrowskatv.pl\/index.php?rest_route=%2Fwp%2Fv2%2Ftags&post=2071"}],"curies":[{"name":"wp","href":"https:\/\/api.w.org\/{rel}","templated":true}]}}