{"id":206,"date":"2016-01-20T15:57:36","date_gmt":"2016-01-20T14:57:36","guid":{"rendered":"http:\/\/ostrowska.tv\/?p=206"},"modified":"2016-01-20T15:57:36","modified_gmt":"2016-01-20T14:57:36","slug":"hala-miasto-rozmawialo-z-bm-slam","status":"publish","type":"post","link":"https:\/\/ostrowskatv.pl\/?p=206","title":{"rendered":"Hala: Miasto rozmawia\u0142o z BM Slam"},"content":{"rendered":"<p><strong>W \u015brod\u0119 w Urz\u0119dzie Miejskim dosz\u0142o do spotkania w\u0142adz miasta i Rady Miejskiej z prezesem sp\u00f3\u0142ki BM Slam Paw\u0142em Matuszewskim. Tematem rozmowy by\u0142a propozycja odkupienia hali przy ulicy Kusoci\u0144skiego.<\/strong><\/p>\n<p>Sprawa budzi wiele kontrowersji. Ostrowscy koszykarze, kt\u00f3rzy wyst\u0119puj\u0105 w najwy\u017cszej klasie rozgrywkowej, aktualnie rozgrywaj\u0105 swoje mecze w Kaliszu. Dzia\u0142acze chc\u0105 zrobi\u0107 wszystko, by jak najszybciej wr\u00f3ci\u0107 do Ostrowa Wielkopolskiego. Konieczna jest jednak modernizacja hali przy ulicy Kusoci\u0144skiego, kt\u00f3r\u0105 sp\u00f3\u0142ka BM Slam chce odsprzeda\u0107 p\u00f3\u017aniej za kwot\u0119 o\u015bmiu milion\u00f3w z\u0142otych miastu.<\/p>\n<p>&#8211; W obecno\u015bci przedstawicieli w\u0142adz miasta i Rady Miejskiej, a tak\u017ce skarbnika miejskiego oraz radcy prawnego Pawe\u0142 Matuszewski, prezes sp\u00f3\u0142ki BM Slam Stal przedstawi\u0142 planowane kroki dotycz\u0105ce rozbudowy hali sportowej przy ulicy Kusoci\u0144skiego. Sp\u00f3\u0142ka zleci\u0142a wykonanie opracowania projektu architektonicznego oraz budowlano &#8211; wykonawczego rozbudowy i przebudowy istniej\u0105cego budynku hali widowiskowo \u2013 sportowej. W marcu tego roku w\u0142adze sp\u00f3\u0142ki chc\u0105 przedstawi\u0107 wykonany projekt wraz z kosztorysem inwestycji. Projekt opracowywany b\u0119dzie w oparciu o koncepcj\u0119, kt\u00f3r\u0105 w listopadzie ubieg\u0142ego roku sp\u00f3\u0142ka przedstawi\u0142a w\u0142adzom miasta i radnym miejskim \u2013 informuje nas Artur Ko\u0142aci\u0144ski z UM w Ostrowie Wielkopolskim.<\/p>\n<p>Kibice koszyk\u00f3wki w Ostrowie Wielkopolskim b\u0119d\u0105 musieli uzbroi\u0107 si\u0119 jeszcze w troch\u0119 cierpliwo\u015bci. Na ten moment nie wiadomo, jaka b\u0119dzie decyzja w\u0142adz miasta. &#8211; Miasto podtrzymuje zainteresowanie propozycj\u0105 sp\u00f3\u0142ki, jednak dzisiejsze spotkanie mia\u0142o charakter informacyjny i nie podj\u0119to na nim \u017cadnych wi\u0105\u017c\u0105cych decyzji \u2013 dodaje Ko\u0142aci\u0144ski.<\/p>\n<p>Przypomnijmy, \u017ce propozycj\u0119, kt\u00f3r\u0105 z\u0142o\u017cy\u0142a sp\u00f3\u0142ka BM Slam, mocno krytykuj\u0105 radni Platformy Obywatelskiej. W ich ocenie, miasto nie powinno w og\u00f3le pochyla\u0107 si\u0119 nad t\u0105 ofert\u0105.<\/p>\n","protected":false},"excerpt":{"rendered":"W \u015brod\u0119 w Urz\u0119dzie Miejskim dosz\u0142o do spotkania w\u0142adz miasta i Rady Miejskiej z prezesem sp\u00f3\u0142ki BM Slam Paw\u0142em Matuszewskim. Tematem rozmowy by\u0142a \n<a class=\"moretag\" href=\"https:\/\/ostrowskatv.pl\/?p=206\"> [...]<\/a>","protected":false},"author":1,"featured_media":158,"comment_status":"open","ping_status":"open","sticky":false,"template":"","format":"standard","meta":{"footnotes":""},"categories":[1],"tags":[23],"class_list":["post-206","post","type-post","status-publish","format-standard","has-post-thumbnail","hentry","category-news","tag-hala"],"_links":{"self":[{"href":"https:\/\/ostrowskatv.pl\/index.php?rest_route=\/wp\/v2\/posts\/206","targetHints":{"allow":["GET"]}}],"collection":[{"href":"https:\/\/ostrowskatv.pl\/index.php?rest_route=\/wp\/v2\/posts"}],"about":[{"href":"https:\/\/ostrowskatv.pl\/index.php?rest_route=\/wp\/v2\/types\/post"}],"author":[{"embeddable":true,"href":"https:\/\/ostrowskatv.pl\/index.php?rest_route=\/wp\/v2\/users\/1"}],"replies":[{"embeddable":true,"href":"https:\/\/ostrowskatv.pl\/index.php?rest_route=%2Fwp%2Fv2%2Fcomments&post=206"}],"version-history":[{"count":0,"href":"https:\/\/ostrowskatv.pl\/index.php?rest_route=\/wp\/v2\/posts\/206\/revisions"}],"wp:featuredmedia":[{"embeddable":true,"href":"https:\/\/ostrowskatv.pl\/index.php?rest_route=\/wp\/v2\/media\/158"}],"wp:attachment":[{"href":"https:\/\/ostrowskatv.pl\/index.php?rest_route=%2Fwp%2Fv2%2Fmedia&parent=206"}],"wp:term":[{"taxonomy":"category","embeddable":true,"href":"https:\/\/ostrowskatv.pl\/index.php?rest_route=%2Fwp%2Fv2%2Fcategories&post=206"},{"taxonomy":"post_tag","embeddable":true,"href":"https:\/\/ostrowskatv.pl\/index.php?rest_route=%2Fwp%2Fv2%2Ftags&post=206"}],"curies":[{"name":"wp","href":"https:\/\/api.w.org\/{rel}","templated":true}]}}