{"id":2052,"date":"2016-08-15T12:31:58","date_gmt":"2016-08-15T11:31:58","guid":{"rendered":"http:\/\/ostrowska.tv\/?p=2052"},"modified":"2016-08-15T12:31:58","modified_gmt":"2016-08-15T11:31:58","slug":"syn-biznesmena-cudem-nie-wjechal-w-przystanek","status":"publish","type":"post","link":"https:\/\/ostrowskatv.pl\/?p=2052","title":{"rendered":"Syn biznesmena cudem nie wjecha\u0142 w przystanek"},"content":{"rendered":"<p><strong>W niedziel\u0119 dosz\u0142o do niebezpiecznego zdarzenia drogowego. Zdaniem \u015bwiadk\u00f3w, 19-letni kierowca samochodu marki Infiniti &#8211; syn ostrowskiego biznesmena &#8211; wypad\u0142 z drogi, uderzy\u0142 w dwa znaki drogowe i przejecha\u0142 tu\u017c przy przystanku, na kt\u00f3rym cz\u0119sto oczekuj\u0105 starsi wiekiem pasa\u017cerowie. Powodem tej niebezpiecznej sytuacji mia\u0142 by\u0107 inny kierowca srebrnego samochodu. Mia\u0142 on skr\u0119ca\u0107 i tym samym zajecha\u0107 drog\u0119 kierowcy Infiniti. <\/strong><\/p>\n<p>Od \u015bwiadk\u00f3w mo\u017cna by\u0142o us\u0142ysze\u0107, \u017ce 19-latek chwil\u0119 wcze\u015bniej jecha\u0142 wraz z dziewczyn\u0105 ulic\u0105 Limanowskiego w stron\u0119 Piask\u00f3w. Pr\u0119dko\u015b\u0107 jego samochodu mia\u0142a by\u0107 powy\u017cej dopuszczalnej. Dodajmy, \u017ce by\u0142y to subiektywne opinie \u015bwiadk\u00f3w. Jednak o tym, \u017ce faktycznie tam mog\u0142o by\u0107, mog\u0105 \u015bwiadczy\u0107 \u015blady hamowania Infiniti oraz miejsce zatrzymania si\u0119 osob\u00f3wki.<\/p>\n<p>W zdarzeniu ucierpia\u0142o jeszcze srebrne BMW jad\u0105ce z przeciwka. Uderzy\u0142o w nie Infiniti. Na szcz\u0119\u015bcie nikt w zdarzeniu nie ucierpia\u0142, cho\u0107 mog\u0142o sko\u0144czy\u0107 si\u0119 powa\u017cnie.<\/p>\n<div id='gallery-1' class='gallery galleryid-2052 gallery-columns-3 gallery-size-thumbnail'><figure class='gallery-item'>\n\t\t\t<div class='gallery-icon landscape'>\n\t\t\t\t<a href='https:\/\/ostrowskatv.pl\/?attachment_id=2057'><img loading=\"lazy\" decoding=\"async\" width=\"150\" height=\"150\" src=\"https:\/\/ostrowskatv.pl\/wp-content\/uploads\/2016\/08\/20160814_163644-150x150.jpg\" class=\"attachment-thumbnail size-thumbnail\" alt=\"\" \/><\/a>\n\t\t\t<\/div><\/figure><figure class='gallery-item'>\n\t\t\t<div class='gallery-icon landscape'>\n\t\t\t\t<a href='https:\/\/ostrowskatv.pl\/?attachment_id=2056'><img loading=\"lazy\" decoding=\"async\" width=\"150\" height=\"150\" src=\"https:\/\/ostrowskatv.pl\/wp-content\/uploads\/2016\/08\/20160814_162649-150x150.jpg\" class=\"attachment-thumbnail size-thumbnail\" alt=\"\" \/><\/a>\n\t\t\t<\/div><\/figure><figure class='gallery-item'>\n\t\t\t<div class='gallery-icon landscape'>\n\t\t\t\t<a href='https:\/\/ostrowskatv.pl\/?attachment_id=2055'><img loading=\"lazy\" decoding=\"async\" width=\"150\" height=\"150\" src=\"https:\/\/ostrowskatv.pl\/wp-content\/uploads\/2016\/08\/20160814_162525-150x150.jpg\" class=\"attachment-thumbnail size-thumbnail\" alt=\"\" \/><\/a>\n\t\t\t<\/div><\/figure><figure class='gallery-item'>\n\t\t\t<div class='gallery-icon portrait'>\n\t\t\t\t<a href='https:\/\/ostrowskatv.pl\/?attachment_id=2054'><img loading=\"lazy\" decoding=\"async\" width=\"150\" height=\"150\" src=\"https:\/\/ostrowskatv.pl\/wp-content\/uploads\/2016\/08\/20160814_162501-150x150.jpg\" class=\"attachment-thumbnail size-thumbnail\" alt=\"\" \/><\/a>\n\t\t\t<\/div><\/figure><figure class='gallery-item'>\n\t\t\t<div class='gallery-icon landscape'>\n\t\t\t\t<a href='https:\/\/ostrowskatv.pl\/?attachment_id=2053'><img loading=\"lazy\" decoding=\"async\" width=\"150\" height=\"150\" src=\"https:\/\/ostrowskatv.pl\/wp-content\/uploads\/2016\/08\/20160814_162447-150x150.jpg\" class=\"attachment-thumbnail size-thumbnail\" alt=\"\" \/><\/a>\n\t\t\t<\/div><\/figure>\n\t\t<\/div>\n\n","protected":false},"excerpt":{"rendered":"W niedziel\u0119 dosz\u0142o do niebezpiecznego zdarzenia drogowego. Zdaniem \u015bwiadk\u00f3w, 19-letni kierowca samochodu marki Infiniti &#8211; syn ostrowskiego biznesmena &#8211; wypad\u0142 z drogi, uderzy\u0142 \n<a class=\"moretag\" href=\"https:\/\/ostrowskatv.pl\/?p=2052\"> [...]<\/a>","protected":false},"author":1,"featured_media":2056,"comment_status":"open","ping_status":"open","sticky":false,"template":"","format":"standard","meta":{"footnotes":""},"categories":[1],"tags":[2],"class_list":["post-2052","post","type-post","status-publish","format-standard","has-post-thumbnail","hentry","category-news","tag-ostrow-wielkopolski"],"_links":{"self":[{"href":"https:\/\/ostrowskatv.pl\/index.php?rest_route=\/wp\/v2\/posts\/2052","targetHints":{"allow":["GET"]}}],"collection":[{"href":"https:\/\/ostrowskatv.pl\/index.php?rest_route=\/wp\/v2\/posts"}],"about":[{"href":"https:\/\/ostrowskatv.pl\/index.php?rest_route=\/wp\/v2\/types\/post"}],"author":[{"embeddable":true,"href":"https:\/\/ostrowskatv.pl\/index.php?rest_route=\/wp\/v2\/users\/1"}],"replies":[{"embeddable":true,"href":"https:\/\/ostrowskatv.pl\/index.php?rest_route=%2Fwp%2Fv2%2Fcomments&post=2052"}],"version-history":[{"count":0,"href":"https:\/\/ostrowskatv.pl\/index.php?rest_route=\/wp\/v2\/posts\/2052\/revisions"}],"wp:featuredmedia":[{"embeddable":true,"href":"https:\/\/ostrowskatv.pl\/index.php?rest_route=\/wp\/v2\/media\/2056"}],"wp:attachment":[{"href":"https:\/\/ostrowskatv.pl\/index.php?rest_route=%2Fwp%2Fv2%2Fmedia&parent=2052"}],"wp:term":[{"taxonomy":"category","embeddable":true,"href":"https:\/\/ostrowskatv.pl\/index.php?rest_route=%2Fwp%2Fv2%2Fcategories&post=2052"},{"taxonomy":"post_tag","embeddable":true,"href":"https:\/\/ostrowskatv.pl\/index.php?rest_route=%2Fwp%2Fv2%2Ftags&post=2052"}],"curies":[{"name":"wp","href":"https:\/\/api.w.org\/{rel}","templated":true}]}}