{"id":20506,"date":"2022-08-12T17:09:06","date_gmt":"2022-08-12T16:09:06","guid":{"rendered":"https:\/\/ostrowskatv.pl\/?p=20506"},"modified":"2022-08-12T17:09:06","modified_gmt":"2022-08-12T16:09:06","slug":"makabryczny-wypadek-k-gorzna-motocyklista-nie-zyje","status":"publish","type":"post","link":"https:\/\/ostrowskatv.pl\/?p=20506","title":{"rendered":"Makabryczny wypadek k. G\u00f3rzna. Motocyklista nie \u017cyje"},"content":{"rendered":"<p>Po godzinie 17 na drodze krajowej nr 11 pomi\u0119dzy G\u00f3rznem a Sob\u00f3tk\u0105 dosz\u0142o do wypadku \u015bmiertelnego. Na miejscu zgin\u0105\u0142 niespe\u0142na 27-letni m\u0119\u017cczyzna. <\/p>\n<p>Ze wst\u0119pnych ustale\u0144 wynika,  \u017ce od strony Ostrowa jecha\u0142 ford na pleszewskich tablicach rejestracyjnych. Skr\u0119ca\u0142 w lewo na przydro\u017cn\u0105 zatoczk\u0119. Z przeciwka jecha\u0142 26-latek na motocyklu Yamaha. <\/p>\n<p>Uderzy\u0142 w tylny prawy naro\u017cnik forda,  a nast\u0119pnie w prz\u00f3d autolawety wioz\u0105cej renault scenic,  kt\u00f3ry przedwczoraj zapali\u0142 si\u0119 w okolicy domu \u015bw. Brata Alberta. <\/p>\n<p>Stra\u017cak b\u0119d\u0105cy po s\u0142u\u017cbie rozpocz\u0105\u0142 reanimacj\u0119, a nast\u0119pnie kontynuowali j\u0105 medycy oraz stra\u017cacy. Nie uda\u0142o si\u0119 przywr\u00f3ci\u0107 funkcji \u017cyciowych m\u0119\u017cczyzny. <\/p>\n<p>By\u0142 mieszka\u0144cem gminy Sieroszewice i absolwentem Zespo\u0142u Szk\u00f3\u0142 Technicznych w Ostrowie Wielkopolskim. <\/p>\n<p><img loading=\"lazy\" decoding=\"async\" src=\"https:\/\/ostrowskatv.pl\/wp-content\/uploads\/2022\/08\/20220812_174251-01.jpeg\" alt=\"\" width=\"1366\" height=\"1025\" class=\"alignnone size-full wp-image-20507\" srcset=\"https:\/\/ostrowskatv.pl\/wp-content\/uploads\/2022\/08\/20220812_174251-01.jpeg 1366w, https:\/\/ostrowskatv.pl\/wp-content\/uploads\/2022\/08\/20220812_174251-01-300x225.jpeg 300w, https:\/\/ostrowskatv.pl\/wp-content\/uploads\/2022\/08\/20220812_174251-01-480x360.jpeg 480w\" sizes=\"auto, (max-width: 1366px) 100vw, 1366px\" \/><\/p>\n<p><img loading=\"lazy\" decoding=\"async\" src=\"https:\/\/ostrowskatv.pl\/wp-content\/uploads\/2022\/08\/20220812_174307-01.jpeg\" alt=\"\" width=\"1366\" height=\"851\" class=\"alignnone size-full wp-image-20508\" srcset=\"https:\/\/ostrowskatv.pl\/wp-content\/uploads\/2022\/08\/20220812_174307-01.jpeg 1366w, https:\/\/ostrowskatv.pl\/wp-content\/uploads\/2022\/08\/20220812_174307-01-300x187.jpeg 300w, https:\/\/ostrowskatv.pl\/wp-content\/uploads\/2022\/08\/20220812_174307-01-578x360.jpeg 578w\" sizes=\"auto, (max-width: 1366px) 100vw, 1366px\" \/><\/p>\n<p><img loading=\"lazy\" decoding=\"async\" src=\"https:\/\/ostrowskatv.pl\/wp-content\/uploads\/2022\/08\/20220812_174311-01.jpeg\" alt=\"\" width=\"1025\" height=\"1366\" class=\"alignnone size-full wp-image-20509\" srcset=\"https:\/\/ostrowskatv.pl\/wp-content\/uploads\/2022\/08\/20220812_174311-01.jpeg 1025w, https:\/\/ostrowskatv.pl\/wp-content\/uploads\/2022\/08\/20220812_174311-01-225x300.jpeg 225w, https:\/\/ostrowskatv.pl\/wp-content\/uploads\/2022\/08\/20220812_174311-01-270x360.jpeg 270w\" sizes=\"auto, (max-width: 1025px) 100vw, 1025px\" \/><\/p>\n<p><img loading=\"lazy\" decoding=\"async\" src=\"https:\/\/ostrowskatv.pl\/wp-content\/uploads\/2022\/08\/20220812_174312-01.jpeg\" alt=\"\" width=\"1136\" height=\"1365\" class=\"alignnone size-full wp-image-20510\" srcset=\"https:\/\/ostrowskatv.pl\/wp-content\/uploads\/2022\/08\/20220812_174312-01.jpeg 1136w, https:\/\/ostrowskatv.pl\/wp-content\/uploads\/2022\/08\/20220812_174312-01-250x300.jpeg 250w, https:\/\/ostrowskatv.pl\/wp-content\/uploads\/2022\/08\/20220812_174312-01-300x360.jpeg 300w\" sizes=\"auto, (max-width: 1136px) 100vw, 1136px\" \/><\/p>\n<p><img loading=\"lazy\" decoding=\"async\" src=\"https:\/\/ostrowskatv.pl\/wp-content\/uploads\/2022\/08\/20220812_174328-01.jpeg\" alt=\"\" width=\"1366\" height=\"1025\" class=\"alignnone size-full wp-image-20511\" srcset=\"https:\/\/ostrowskatv.pl\/wp-content\/uploads\/2022\/08\/20220812_174328-01.jpeg 1366w, https:\/\/ostrowskatv.pl\/wp-content\/uploads\/2022\/08\/20220812_174328-01-300x225.jpeg 300w, https:\/\/ostrowskatv.pl\/wp-content\/uploads\/2022\/08\/20220812_174328-01-480x360.jpeg 480w\" sizes=\"auto, (max-width: 1366px) 100vw, 1366px\" \/><\/p>\n<p><img loading=\"lazy\" decoding=\"async\" src=\"https:\/\/ostrowskatv.pl\/wp-content\/uploads\/2022\/08\/20220812_174342-01.jpeg\" alt=\"\" width=\"1025\" height=\"1366\" class=\"alignnone size-full wp-image-20512\" srcset=\"https:\/\/ostrowskatv.pl\/wp-content\/uploads\/2022\/08\/20220812_174342-01.jpeg 1025w, https:\/\/ostrowskatv.pl\/wp-content\/uploads\/2022\/08\/20220812_174342-01-225x300.jpeg 225w, https:\/\/ostrowskatv.pl\/wp-content\/uploads\/2022\/08\/20220812_174342-01-270x360.jpeg 270w\" sizes=\"auto, (max-width: 1025px) 100vw, 1025px\" \/><\/p>\n<p><img loading=\"lazy\" decoding=\"async\" src=\"https:\/\/ostrowskatv.pl\/wp-content\/uploads\/2022\/08\/20220812_174419-01.jpeg\" alt=\"\" width=\"1366\" height=\"845\" class=\"alignnone size-full wp-image-20513\" srcset=\"https:\/\/ostrowskatv.pl\/wp-content\/uploads\/2022\/08\/20220812_174419-01.jpeg 1366w, https:\/\/ostrowskatv.pl\/wp-content\/uploads\/2022\/08\/20220812_174419-01-300x186.jpeg 300w, https:\/\/ostrowskatv.pl\/wp-content\/uploads\/2022\/08\/20220812_174419-01-582x360.jpeg 582w\" sizes=\"auto, (max-width: 1366px) 100vw, 1366px\" \/><\/p>\n<p><img loading=\"lazy\" decoding=\"async\" src=\"https:\/\/ostrowskatv.pl\/wp-content\/uploads\/2022\/08\/20220812_174425-01.jpeg\" alt=\"\" width=\"1366\" height=\"1025\" class=\"alignnone size-full wp-image-20514\" srcset=\"https:\/\/ostrowskatv.pl\/wp-content\/uploads\/2022\/08\/20220812_174425-01.jpeg 1366w, https:\/\/ostrowskatv.pl\/wp-content\/uploads\/2022\/08\/20220812_174425-01-300x225.jpeg 300w, https:\/\/ostrowskatv.pl\/wp-content\/uploads\/2022\/08\/20220812_174425-01-480x360.jpeg 480w\" sizes=\"auto, (max-width: 1366px) 100vw, 1366px\" \/><\/p>\n<p><img loading=\"lazy\" decoding=\"async\" src=\"https:\/\/ostrowskatv.pl\/wp-content\/uploads\/2022\/08\/20220812_174431-01.jpeg\" alt=\"\" width=\"1366\" height=\"846\" class=\"alignnone size-full wp-image-20515\" srcset=\"https:\/\/ostrowskatv.pl\/wp-content\/uploads\/2022\/08\/20220812_174431-01.jpeg 1366w, https:\/\/ostrowskatv.pl\/wp-content\/uploads\/2022\/08\/20220812_174431-01-300x186.jpeg 300w, https:\/\/ostrowskatv.pl\/wp-content\/uploads\/2022\/08\/20220812_174431-01-581x360.jpeg 581w\" sizes=\"auto, (max-width: 1366px) 100vw, 1366px\" \/><\/p>\n<p><img loading=\"lazy\" decoding=\"async\" src=\"https:\/\/ostrowskatv.pl\/wp-content\/uploads\/2022\/08\/20220812_174439-01.jpeg\" alt=\"\" width=\"1366\" height=\"1025\" class=\"alignnone size-full wp-image-20516\" srcset=\"https:\/\/ostrowskatv.pl\/wp-content\/uploads\/2022\/08\/20220812_174439-01.jpeg 1366w, https:\/\/ostrowskatv.pl\/wp-content\/uploads\/2022\/08\/20220812_174439-01-300x225.jpeg 300w, https:\/\/ostrowskatv.pl\/wp-content\/uploads\/2022\/08\/20220812_174439-01-480x360.jpeg 480w\" sizes=\"auto, (max-width: 1366px) 100vw, 1366px\" \/><\/p>\n<p><img loading=\"lazy\" decoding=\"async\" src=\"https:\/\/ostrowskatv.pl\/wp-content\/uploads\/2022\/08\/20220812_174516-01.jpeg\" alt=\"\" width=\"1366\" height=\"972\" class=\"alignnone size-full wp-image-20517\" srcset=\"https:\/\/ostrowskatv.pl\/wp-content\/uploads\/2022\/08\/20220812_174516-01.jpeg 1366w, https:\/\/ostrowskatv.pl\/wp-content\/uploads\/2022\/08\/20220812_174516-01-300x213.jpeg 300w, https:\/\/ostrowskatv.pl\/wp-content\/uploads\/2022\/08\/20220812_174516-01-506x360.jpeg 506w, https:\/\/ostrowskatv.pl\/wp-content\/uploads\/2022\/08\/20220812_174516-01-120x85.jpeg 120w\" sizes=\"auto, (max-width: 1366px) 100vw, 1366px\" \/><\/p>\n<p><img loading=\"lazy\" decoding=\"async\" src=\"https:\/\/ostrowskatv.pl\/wp-content\/uploads\/2022\/08\/20220812_174638-01.jpeg\" alt=\"\" width=\"1025\" height=\"1366\" class=\"alignnone size-full wp-image-20518\" srcset=\"https:\/\/ostrowskatv.pl\/wp-content\/uploads\/2022\/08\/20220812_174638-01.jpeg 1025w, https:\/\/ostrowskatv.pl\/wp-content\/uploads\/2022\/08\/20220812_174638-01-225x300.jpeg 225w, https:\/\/ostrowskatv.pl\/wp-content\/uploads\/2022\/08\/20220812_174638-01-270x360.jpeg 270w\" sizes=\"auto, (max-width: 1025px) 100vw, 1025px\" \/><\/p>\n","protected":false},"excerpt":{"rendered":"Po godzinie 17 na drodze krajowej nr 11 pomi\u0119dzy G\u00f3rznem a Sob\u00f3tk\u0105 dosz\u0142o do wypadku \u015bmiertelnego. Na miejscu zgin\u0105\u0142 niespe\u0142na 27-letni m\u0119\u017cczyzna. Ze \n<a class=\"moretag\" href=\"https:\/\/ostrowskatv.pl\/?p=20506\"> [...]<\/a>","protected":false},"author":1,"featured_media":20516,"comment_status":"open","ping_status":"closed","sticky":false,"template":"","format":"standard","meta":{"footnotes":""},"categories":[1],"tags":[11],"class_list":["post-20506","post","type-post","status-publish","format-standard","has-post-thumbnail","hentry","category-news","tag-wypadek"],"_links":{"self":[{"href":"https:\/\/ostrowskatv.pl\/index.php?rest_route=\/wp\/v2\/posts\/20506","targetHints":{"allow":["GET"]}}],"collection":[{"href":"https:\/\/ostrowskatv.pl\/index.php?rest_route=\/wp\/v2\/posts"}],"about":[{"href":"https:\/\/ostrowskatv.pl\/index.php?rest_route=\/wp\/v2\/types\/post"}],"author":[{"embeddable":true,"href":"https:\/\/ostrowskatv.pl\/index.php?rest_route=\/wp\/v2\/users\/1"}],"replies":[{"embeddable":true,"href":"https:\/\/ostrowskatv.pl\/index.php?rest_route=%2Fwp%2Fv2%2Fcomments&post=20506"}],"version-history":[{"count":0,"href":"https:\/\/ostrowskatv.pl\/index.php?rest_route=\/wp\/v2\/posts\/20506\/revisions"}],"wp:featuredmedia":[{"embeddable":true,"href":"https:\/\/ostrowskatv.pl\/index.php?rest_route=\/wp\/v2\/media\/20516"}],"wp:attachment":[{"href":"https:\/\/ostrowskatv.pl\/index.php?rest_route=%2Fwp%2Fv2%2Fmedia&parent=20506"}],"wp:term":[{"taxonomy":"category","embeddable":true,"href":"https:\/\/ostrowskatv.pl\/index.php?rest_route=%2Fwp%2Fv2%2Fcategories&post=20506"},{"taxonomy":"post_tag","embeddable":true,"href":"https:\/\/ostrowskatv.pl\/index.php?rest_route=%2Fwp%2Fv2%2Ftags&post=20506"}],"curies":[{"name":"wp","href":"https:\/\/api.w.org\/{rel}","templated":true}]}}