{"id":20499,"date":"2022-08-12T13:33:23","date_gmt":"2022-08-12T12:33:23","guid":{"rendered":"https:\/\/ostrowskatv.pl\/?p=20499"},"modified":"2022-08-12T13:33:23","modified_gmt":"2022-08-12T12:33:23","slug":"kolizja-rejtana-gorzycka-traugutta-bmw-i-audi","status":"publish","type":"post","link":"https:\/\/ostrowskatv.pl\/?p=20499","title":{"rendered":"Kolizja Rejtana &#8211; Gorzycka &#8211; Traugutta (BMW i Audi)"},"content":{"rendered":"<p><strong>Na skrzy\u017cowaniu ulic Rejtana &#8211; Gorzycka &#8211; Traugutta dosz\u0142o w pi\u0105tkowy poranek do zderzenia BMW i Audi. Kierowca BMW wyjecha\u0142 z ulicy podporz\u0105dkowanej i uderzy\u0142 w audi. \u017badnej z os\u00f3b podr\u00f3\u017cuj\u0105cych autami nic si\u0119 nie sta\u0142o.<\/strong><\/p>\n<p>Od teraz kamera z ronda Bankowego zosta\u0142a zamontowana na tym skrzy\u017cowaniu, dzi\u0119ki czemu b\u0119dzie mo\u017cna uczy\u0107 si\u0119 na cudzych b\u0142\u0119dach.<\/p>\n<p><img loading=\"lazy\" decoding=\"async\" src=\"https:\/\/ostrowskatv.pl\/wp-content\/uploads\/2022\/08\/Rejtana02.jpeg\" alt=\"\" width=\"1058\" height=\"766\" class=\"alignnone size-full wp-image-20504\" srcset=\"https:\/\/ostrowskatv.pl\/wp-content\/uploads\/2022\/08\/Rejtana02.jpeg 1058w, https:\/\/ostrowskatv.pl\/wp-content\/uploads\/2022\/08\/Rejtana02-300x217.jpeg 300w, https:\/\/ostrowskatv.pl\/wp-content\/uploads\/2022\/08\/Rejtana02-497x360.jpeg 497w\" sizes=\"auto, (max-width: 1058px) 100vw, 1058px\" \/><\/p>\n<p><img loading=\"lazy\" decoding=\"async\" src=\"https:\/\/ostrowskatv.pl\/wp-content\/uploads\/2022\/08\/Rejtana01.jpeg\" alt=\"\" width=\"1366\" height=\"768\" class=\"alignnone size-full wp-image-20503\" srcset=\"https:\/\/ostrowskatv.pl\/wp-content\/uploads\/2022\/08\/Rejtana01.jpeg 1366w, https:\/\/ostrowskatv.pl\/wp-content\/uploads\/2022\/08\/Rejtana01-300x169.jpeg 300w, https:\/\/ostrowskatv.pl\/wp-content\/uploads\/2022\/08\/Rejtana01-640x360.jpeg 640w\" sizes=\"auto, (max-width: 1366px) 100vw, 1366px\" \/><\/p>\n<p><iframe loading=\"lazy\" title=\"Kolizja BMW i Audi - Rejtana 01\" width=\"747\" height=\"420\" src=\"https:\/\/www.youtube.com\/embed\/fM1IaxVEOG8?feature=oembed\" frameborder=\"0\" allow=\"accelerometer; autoplay; clipboard-write; encrypted-media; gyroscope; picture-in-picture; web-share\" referrerpolicy=\"strict-origin-when-cross-origin\" allowfullscreen><\/iframe><\/p>\n","protected":false},"excerpt":{"rendered":"Na skrzy\u017cowaniu ulic Rejtana &#8211; Gorzycka &#8211; Traugutta dosz\u0142o w pi\u0105tkowy poranek do zderzenia BMW i Audi. Kierowca BMW wyjecha\u0142 z ulicy podporz\u0105dkowanej \n<a class=\"moretag\" href=\"https:\/\/ostrowskatv.pl\/?p=20499\"> [...]<\/a>","protected":false},"author":1,"featured_media":20500,"comment_status":"open","ping_status":"closed","sticky":false,"template":"","format":"standard","meta":{"footnotes":""},"categories":[1],"tags":[48],"class_list":["post-20499","post","type-post","status-publish","format-standard","has-post-thumbnail","hentry","category-news","tag-kolizja"],"_links":{"self":[{"href":"https:\/\/ostrowskatv.pl\/index.php?rest_route=\/wp\/v2\/posts\/20499","targetHints":{"allow":["GET"]}}],"collection":[{"href":"https:\/\/ostrowskatv.pl\/index.php?rest_route=\/wp\/v2\/posts"}],"about":[{"href":"https:\/\/ostrowskatv.pl\/index.php?rest_route=\/wp\/v2\/types\/post"}],"author":[{"embeddable":true,"href":"https:\/\/ostrowskatv.pl\/index.php?rest_route=\/wp\/v2\/users\/1"}],"replies":[{"embeddable":true,"href":"https:\/\/ostrowskatv.pl\/index.php?rest_route=%2Fwp%2Fv2%2Fcomments&post=20499"}],"version-history":[{"count":0,"href":"https:\/\/ostrowskatv.pl\/index.php?rest_route=\/wp\/v2\/posts\/20499\/revisions"}],"wp:featuredmedia":[{"embeddable":true,"href":"https:\/\/ostrowskatv.pl\/index.php?rest_route=\/wp\/v2\/media\/20500"}],"wp:attachment":[{"href":"https:\/\/ostrowskatv.pl\/index.php?rest_route=%2Fwp%2Fv2%2Fmedia&parent=20499"}],"wp:term":[{"taxonomy":"category","embeddable":true,"href":"https:\/\/ostrowskatv.pl\/index.php?rest_route=%2Fwp%2Fv2%2Fcategories&post=20499"},{"taxonomy":"post_tag","embeddable":true,"href":"https:\/\/ostrowskatv.pl\/index.php?rest_route=%2Fwp%2Fv2%2Ftags&post=20499"}],"curies":[{"name":"wp","href":"https:\/\/api.w.org\/{rel}","templated":true}]}}