{"id":20474,"date":"2022-08-08T17:22:52","date_gmt":"2022-08-08T16:22:52","guid":{"rendered":"https:\/\/ostrowskatv.pl\/?p=20474"},"modified":"2022-08-08T17:22:52","modified_gmt":"2022-08-08T16:22:52","slug":"dwojka-malych-dzieci-w-aucie-bez-opieki","status":"publish","type":"post","link":"https:\/\/ostrowskatv.pl\/?p=20474","title":{"rendered":"Dw\u00f3jka ma\u0142ych dzieci w aucie bez opieki"},"content":{"rendered":"<p><strong>Oko\u0142o godziny 17 stra\u017c miejska w Ostrowie Wielkopolskim zosta\u0142a wezwana na przyko\u015bcielny parking przy skrzy\u017cowaniu ulic \u015amigielskiego i Paderewskiego. Powodem by\u0142o pozostawienie dwojga ma\u0142ych dzieci w samochodzie.<\/strong><\/p>\n<p>W cieniu o tej porze temperatura wynosi\u0142a 25 stopni, a w pozostawionym na s\u0142o\u0144cu samochodzie z pewno\u015bci\u0105 wi\u0119cej. <\/p>\n<p>Stra\u017cnicy potwierdzili obecno\u015b\u0107 dzieci i brak rodzica. Na szcz\u0119\u015bcie dzieci by\u0142y zostawione w aucie z cz\u0119\u015bciowo uchylonymi oknami. <\/p>\n<p>Stra\u017cnicy zacz\u0119li namierza\u0107 rodzica, co uda\u0142o si\u0119 po d\u0142u\u017cszej chwili. Okaza\u0142o si\u0119, \u017ce m\u0119\u017cczyzna kosi\u0142 traw\u0119 wok\u00f3\u0142 ko\u015bcio\u0142a. <\/p>\n<p>Funkcjonariusze miejscy pouczyli m\u0119\u017cczyzn\u0119 pod k\u0105tem nie pozostawiania dzieci bez nadzoru. W chwili robienia zdj\u0119\u0107 dzieci zosta\u0142y ju\u017c zabrane. <\/p>\n<p><img loading=\"lazy\" decoding=\"async\" src=\"https:\/\/ostrowskatv.pl\/wp-content\/uploads\/2022\/08\/20220808_173805-01.jpeg\" alt=\"\" width=\"1366\" height=\"1025\" class=\"alignnone size-full wp-image-20475\" srcset=\"https:\/\/ostrowskatv.pl\/wp-content\/uploads\/2022\/08\/20220808_173805-01.jpeg 1366w, https:\/\/ostrowskatv.pl\/wp-content\/uploads\/2022\/08\/20220808_173805-01-300x225.jpeg 300w, https:\/\/ostrowskatv.pl\/wp-content\/uploads\/2022\/08\/20220808_173805-01-480x360.jpeg 480w\" sizes=\"auto, (max-width: 1366px) 100vw, 1366px\" \/><\/p>\n<p><img loading=\"lazy\" decoding=\"async\" src=\"https:\/\/ostrowskatv.pl\/wp-content\/uploads\/2022\/08\/20220808_173839-01.jpeg\" alt=\"\" width=\"1366\" height=\"774\" class=\"alignnone size-full wp-image-20476\" srcset=\"https:\/\/ostrowskatv.pl\/wp-content\/uploads\/2022\/08\/20220808_173839-01.jpeg 1366w, https:\/\/ostrowskatv.pl\/wp-content\/uploads\/2022\/08\/20220808_173839-01-300x170.jpeg 300w, https:\/\/ostrowskatv.pl\/wp-content\/uploads\/2022\/08\/20220808_173839-01-635x360.jpeg 635w, https:\/\/ostrowskatv.pl\/wp-content\/uploads\/2022\/08\/20220808_173839-01-388x220.jpeg 388w\" sizes=\"auto, (max-width: 1366px) 100vw, 1366px\" \/><\/p>\n<p><img loading=\"lazy\" decoding=\"async\" src=\"https:\/\/ostrowskatv.pl\/wp-content\/uploads\/2022\/08\/20220808_173854-01.jpeg\" alt=\"\" width=\"1366\" height=\"1025\" class=\"alignnone size-full wp-image-20477\" srcset=\"https:\/\/ostrowskatv.pl\/wp-content\/uploads\/2022\/08\/20220808_173854-01.jpeg 1366w, https:\/\/ostrowskatv.pl\/wp-content\/uploads\/2022\/08\/20220808_173854-01-300x225.jpeg 300w, https:\/\/ostrowskatv.pl\/wp-content\/uploads\/2022\/08\/20220808_173854-01-480x360.jpeg 480w\" sizes=\"auto, (max-width: 1366px) 100vw, 1366px\" \/><\/p>\n<p><img loading=\"lazy\" decoding=\"async\" src=\"https:\/\/ostrowskatv.pl\/wp-content\/uploads\/2022\/08\/20220808_173858-01.jpeg\" alt=\"\" width=\"1366\" height=\"702\" class=\"alignnone size-full wp-image-20478\" srcset=\"https:\/\/ostrowskatv.pl\/wp-content\/uploads\/2022\/08\/20220808_173858-01.jpeg 1366w, https:\/\/ostrowskatv.pl\/wp-content\/uploads\/2022\/08\/20220808_173858-01-300x154.jpeg 300w, https:\/\/ostrowskatv.pl\/wp-content\/uploads\/2022\/08\/20220808_173858-01-640x329.jpeg 640w\" sizes=\"auto, (max-width: 1366px) 100vw, 1366px\" \/><\/p>\n<p><img loading=\"lazy\" decoding=\"async\" src=\"https:\/\/ostrowskatv.pl\/wp-content\/uploads\/2022\/08\/20220808_173908-01.jpeg\" alt=\"\" width=\"1365\" height=\"925\" class=\"alignnone size-full wp-image-20479\" srcset=\"https:\/\/ostrowskatv.pl\/wp-content\/uploads\/2022\/08\/20220808_173908-01.jpeg 1365w, https:\/\/ostrowskatv.pl\/wp-content\/uploads\/2022\/08\/20220808_173908-01-300x203.jpeg 300w, https:\/\/ostrowskatv.pl\/wp-content\/uploads\/2022\/08\/20220808_173908-01-531x360.jpeg 531w\" sizes=\"auto, (max-width: 1365px) 100vw, 1365px\" \/><\/p>\n","protected":false},"excerpt":{"rendered":"Oko\u0142o godziny 17 stra\u017c miejska w Ostrowie Wielkopolskim zosta\u0142a wezwana na przyko\u015bcielny parking przy skrzy\u017cowaniu ulic \u015amigielskiego i Paderewskiego. Powodem by\u0142o pozostawienie dwojga \n<a class=\"moretag\" href=\"https:\/\/ostrowskatv.pl\/?p=20474\"> [...]<\/a>","protected":false},"author":1,"featured_media":20479,"comment_status":"open","ping_status":"closed","sticky":false,"template":"","format":"standard","meta":{"footnotes":""},"categories":[1],"tags":[2],"class_list":["post-20474","post","type-post","status-publish","format-standard","has-post-thumbnail","hentry","category-news","tag-ostrow-wielkopolski"],"_links":{"self":[{"href":"https:\/\/ostrowskatv.pl\/index.php?rest_route=\/wp\/v2\/posts\/20474","targetHints":{"allow":["GET"]}}],"collection":[{"href":"https:\/\/ostrowskatv.pl\/index.php?rest_route=\/wp\/v2\/posts"}],"about":[{"href":"https:\/\/ostrowskatv.pl\/index.php?rest_route=\/wp\/v2\/types\/post"}],"author":[{"embeddable":true,"href":"https:\/\/ostrowskatv.pl\/index.php?rest_route=\/wp\/v2\/users\/1"}],"replies":[{"embeddable":true,"href":"https:\/\/ostrowskatv.pl\/index.php?rest_route=%2Fwp%2Fv2%2Fcomments&post=20474"}],"version-history":[{"count":0,"href":"https:\/\/ostrowskatv.pl\/index.php?rest_route=\/wp\/v2\/posts\/20474\/revisions"}],"wp:featuredmedia":[{"embeddable":true,"href":"https:\/\/ostrowskatv.pl\/index.php?rest_route=\/wp\/v2\/media\/20479"}],"wp:attachment":[{"href":"https:\/\/ostrowskatv.pl\/index.php?rest_route=%2Fwp%2Fv2%2Fmedia&parent=20474"}],"wp:term":[{"taxonomy":"category","embeddable":true,"href":"https:\/\/ostrowskatv.pl\/index.php?rest_route=%2Fwp%2Fv2%2Fcategories&post=20474"},{"taxonomy":"post_tag","embeddable":true,"href":"https:\/\/ostrowskatv.pl\/index.php?rest_route=%2Fwp%2Fv2%2Ftags&post=20474"}],"curies":[{"name":"wp","href":"https:\/\/api.w.org\/{rel}","templated":true}]}}