{"id":20426,"date":"2022-08-05T14:24:44","date_gmt":"2022-08-05T13:24:44","guid":{"rendered":"https:\/\/ostrowskatv.pl\/?p=20426"},"modified":"2022-08-05T14:24:44","modified_gmt":"2022-08-05T13:24:44","slug":"zderzyli-sie-przy-kosciele-w-autach-podrozowaly-dzieci","status":"publish","type":"post","link":"https:\/\/ostrowskatv.pl\/?p=20426","title":{"rendered":"Zderzyli si\u0119 przy ko\u015bciele. W autach podr\u00f3\u017cowa\u0142y dzieci"},"content":{"rendered":"<p><strong>Oko\u0142o godziny 14 w Ostrowie Wlkp. na ulicy R\u00f3\u017canej przy ko\u015bciele dosz\u0142o do zderzenia dw\u00f3ch aut osobowych. Kierowca opla merivy wjecha\u0142 w ty\u0142 hyundai i40. W obu autach poza kierowcami podr\u00f3\u017cowa\u0142y jeszcze kilkuletnie dzieci.<\/strong><\/p>\n<p>Po zdarzeniu wszyscy byli wstrz\u0105\u015bni\u0119ci. Poza stra\u017c\u0105 po\u017carn\u0105, wezwano tak\u017ce policj\u0119 i pogotowie ratunkowe. Lekarz po zbadaniu na miejscu podj\u0105\u0142 decyzj\u0119 o pozostawieniu uczestnik\u00f3w. Stra\u017cacy zneutralizowali wyciek p\u0142ynu i od\u0142\u0105czyli akumulator w aucie. <\/p>\n<p><img loading=\"lazy\" decoding=\"async\" src=\"https:\/\/ostrowskatv.pl\/wp-content\/uploads\/2022\/08\/20220805_141957-01.jpeg\" alt=\"\" width=\"1366\" height=\"755\" class=\"alignnone size-full wp-image-20424\" srcset=\"https:\/\/ostrowskatv.pl\/wp-content\/uploads\/2022\/08\/20220805_141957-01.jpeg 1366w, https:\/\/ostrowskatv.pl\/wp-content\/uploads\/2022\/08\/20220805_141957-01-300x166.jpeg 300w, https:\/\/ostrowskatv.pl\/wp-content\/uploads\/2022\/08\/20220805_141957-01-640x354.jpeg 640w\" sizes=\"auto, (max-width: 1366px) 100vw, 1366px\" \/><\/p>\n<p><img loading=\"lazy\" decoding=\"async\" src=\"https:\/\/ostrowskatv.pl\/wp-content\/uploads\/2022\/08\/20220805_141707-01.jpeg\" alt=\"\" width=\"1366\" height=\"769\" class=\"alignnone size-full wp-image-20425\" srcset=\"https:\/\/ostrowskatv.pl\/wp-content\/uploads\/2022\/08\/20220805_141707-01.jpeg 1366w, https:\/\/ostrowskatv.pl\/wp-content\/uploads\/2022\/08\/20220805_141707-01-300x169.jpeg 300w, https:\/\/ostrowskatv.pl\/wp-content\/uploads\/2022\/08\/20220805_141707-01-640x360.jpeg 640w\" sizes=\"auto, (max-width: 1366px) 100vw, 1366px\" \/><\/p>\n<p><img loading=\"lazy\" decoding=\"async\" src=\"https:\/\/ostrowskatv.pl\/wp-content\/uploads\/2022\/08\/20220805_141754-01.jpeg\" alt=\"\" width=\"1366\" height=\"1025\" class=\"alignnone size-full wp-image-20423\" srcset=\"https:\/\/ostrowskatv.pl\/wp-content\/uploads\/2022\/08\/20220805_141754-01.jpeg 1366w, https:\/\/ostrowskatv.pl\/wp-content\/uploads\/2022\/08\/20220805_141754-01-300x225.jpeg 300w, https:\/\/ostrowskatv.pl\/wp-content\/uploads\/2022\/08\/20220805_141754-01-480x360.jpeg 480w\" sizes=\"auto, (max-width: 1366px) 100vw, 1366px\" \/><\/p>\n<p><img loading=\"lazy\" decoding=\"async\" src=\"https:\/\/ostrowskatv.pl\/wp-content\/uploads\/2022\/08\/20220805_141716-01.jpeg\" alt=\"\" width=\"1366\" height=\"1025\" class=\"alignnone size-full wp-image-20422\" srcset=\"https:\/\/ostrowskatv.pl\/wp-content\/uploads\/2022\/08\/20220805_141716-01.jpeg 1366w, https:\/\/ostrowskatv.pl\/wp-content\/uploads\/2022\/08\/20220805_141716-01-300x225.jpeg 300w, https:\/\/ostrowskatv.pl\/wp-content\/uploads\/2022\/08\/20220805_141716-01-480x360.jpeg 480w\" sizes=\"auto, (max-width: 1366px) 100vw, 1366px\" \/><\/p>\n","protected":false},"excerpt":{"rendered":"Oko\u0142o godziny 14 w Ostrowie Wlkp. na ulicy R\u00f3\u017canej przy ko\u015bciele dosz\u0142o do zderzenia dw\u00f3ch aut osobowych. Kierowca opla merivy wjecha\u0142 w ty\u0142 \n<a class=\"moretag\" href=\"https:\/\/ostrowskatv.pl\/?p=20426\"> [...]<\/a>","protected":false},"author":1,"featured_media":20423,"comment_status":"open","ping_status":"closed","sticky":false,"template":"","format":"standard","meta":{"footnotes":""},"categories":[1],"tags":[2],"class_list":["post-20426","post","type-post","status-publish","format-standard","has-post-thumbnail","hentry","category-news","tag-ostrow-wielkopolski"],"_links":{"self":[{"href":"https:\/\/ostrowskatv.pl\/index.php?rest_route=\/wp\/v2\/posts\/20426","targetHints":{"allow":["GET"]}}],"collection":[{"href":"https:\/\/ostrowskatv.pl\/index.php?rest_route=\/wp\/v2\/posts"}],"about":[{"href":"https:\/\/ostrowskatv.pl\/index.php?rest_route=\/wp\/v2\/types\/post"}],"author":[{"embeddable":true,"href":"https:\/\/ostrowskatv.pl\/index.php?rest_route=\/wp\/v2\/users\/1"}],"replies":[{"embeddable":true,"href":"https:\/\/ostrowskatv.pl\/index.php?rest_route=%2Fwp%2Fv2%2Fcomments&post=20426"}],"version-history":[{"count":0,"href":"https:\/\/ostrowskatv.pl\/index.php?rest_route=\/wp\/v2\/posts\/20426\/revisions"}],"wp:featuredmedia":[{"embeddable":true,"href":"https:\/\/ostrowskatv.pl\/index.php?rest_route=\/wp\/v2\/media\/20423"}],"wp:attachment":[{"href":"https:\/\/ostrowskatv.pl\/index.php?rest_route=%2Fwp%2Fv2%2Fmedia&parent=20426"}],"wp:term":[{"taxonomy":"category","embeddable":true,"href":"https:\/\/ostrowskatv.pl\/index.php?rest_route=%2Fwp%2Fv2%2Fcategories&post=20426"},{"taxonomy":"post_tag","embeddable":true,"href":"https:\/\/ostrowskatv.pl\/index.php?rest_route=%2Fwp%2Fv2%2Ftags&post=20426"}],"curies":[{"name":"wp","href":"https:\/\/api.w.org\/{rel}","templated":true}]}}