{"id":20400,"date":"2022-08-04T12:18:49","date_gmt":"2022-08-04T11:18:49","guid":{"rendered":"https:\/\/ostrowskatv.pl\/?p=20400"},"modified":"2022-08-04T12:18:49","modified_gmt":"2022-08-04T11:18:49","slug":"tragedia-na-polu-reanimacja-rolnika","status":"publish","type":"post","link":"https:\/\/ostrowskatv.pl\/?p=20400","title":{"rendered":"Tragedia na polu. Reanimacja rolnika"},"content":{"rendered":"<p>Oko\u0142o godziny 12 do s\u0142u\u017cb ratowniczych wp\u0142yn\u0119\u0142o zg\u0142oszenie o przewr\u00f3conym ci\u0105gniku rolniczym na polu i przygniecionym m\u0119\u017cczy\u017anie. Sytuacja okaza\u0142a si\u0119 inna, ale nie mniej tragiczna.<\/p>\n<p>Prawdopodobnie podczas informowania s\u0142u\u017cb dosz\u0142o do niezrozumienia. Okaza\u0142o si\u0119, \u017ce nie przewr\u00f3ci\u0142 si\u0119 traktor tylko m\u0119\u017cczyzna kt\u00f3ry na nim przebywa\u0142. <\/p>\n<p>Ponad 70-letni m\u0119\u017cczyzna dawa\u0142 pewne oznaki \u017cycia, ale po chwili przesta\u0142 si\u0119 rusza\u0107. Pr\u00f3b\u0119 reanimacji rozpocz\u0105\u0142 inny m\u0119\u017cczyzna bior\u0105cy udzia\u0142 w pracach na polu. <\/p>\n<p>Pierwsi na miejscu pojawili si\u0119 stra\u017cacy ochotnicy z Czekanowa, kt\u00f3rzy wdro\u017cyli profesjonaln\u0105 reanimacj\u0119 z u\u017cyciem defibrylatora i maski z tlenem. Po kolejnych d\u0142ugich minutach dojechali karetk\u0105 ratownicy medyczni z jeszcze bardziej zaawansowanym sprz\u0119tem. Po pewnej chwili dotar\u0142y wozy stra\u017cy po\u017carnej z Ostrowa Wielkopolskiego. <\/p>\n<p>Kilkudziesi\u0119ciominutowa reanimacja nie przynios\u0142a rezultat\u00f3w. Czynno\u015bci rozpocz\u0119li policjanci. <\/p>\n<p><img loading=\"lazy\" decoding=\"async\" src=\"https:\/\/ostrowskatv.pl\/wp-content\/uploads\/2022\/08\/20220804_123231-01.jpeg\" alt=\"\" width=\"1366\" height=\"648\" class=\"alignnone size-full wp-image-20401\" srcset=\"https:\/\/ostrowskatv.pl\/wp-content\/uploads\/2022\/08\/20220804_123231-01.jpeg 1366w, https:\/\/ostrowskatv.pl\/wp-content\/uploads\/2022\/08\/20220804_123231-01-300x142.jpeg 300w, https:\/\/ostrowskatv.pl\/wp-content\/uploads\/2022\/08\/20220804_123231-01-640x304.jpeg 640w\" sizes=\"auto, (max-width: 1366px) 100vw, 1366px\" \/><\/p>\n<p><img loading=\"lazy\" decoding=\"async\" src=\"https:\/\/ostrowskatv.pl\/wp-content\/uploads\/2022\/08\/20220804_123350-01.jpeg\" alt=\"\" width=\"1366\" height=\"830\" class=\"alignnone size-full wp-image-20402\" srcset=\"https:\/\/ostrowskatv.pl\/wp-content\/uploads\/2022\/08\/20220804_123350-01.jpeg 1366w, https:\/\/ostrowskatv.pl\/wp-content\/uploads\/2022\/08\/20220804_123350-01-300x182.jpeg 300w, https:\/\/ostrowskatv.pl\/wp-content\/uploads\/2022\/08\/20220804_123350-01-592x360.jpeg 592w\" sizes=\"auto, (max-width: 1366px) 100vw, 1366px\" \/><\/p>\n<p><img loading=\"lazy\" decoding=\"async\" src=\"https:\/\/ostrowskatv.pl\/wp-content\/uploads\/2022\/08\/20220804_123531-01.jpeg\" alt=\"\" width=\"1366\" height=\"683\" class=\"alignnone size-full wp-image-20403\" srcset=\"https:\/\/ostrowskatv.pl\/wp-content\/uploads\/2022\/08\/20220804_123531-01.jpeg 1366w, https:\/\/ostrowskatv.pl\/wp-content\/uploads\/2022\/08\/20220804_123531-01-300x150.jpeg 300w, https:\/\/ostrowskatv.pl\/wp-content\/uploads\/2022\/08\/20220804_123531-01-640x320.jpeg 640w\" sizes=\"auto, (max-width: 1366px) 100vw, 1366px\" \/><\/p>\n<p><img loading=\"lazy\" decoding=\"async\" src=\"https:\/\/ostrowskatv.pl\/wp-content\/uploads\/2022\/08\/20220804_123555-01.jpeg\" alt=\"\" width=\"1366\" height=\"759\" class=\"alignnone size-full wp-image-20404\" srcset=\"https:\/\/ostrowskatv.pl\/wp-content\/uploads\/2022\/08\/20220804_123555-01.jpeg 1366w, https:\/\/ostrowskatv.pl\/wp-content\/uploads\/2022\/08\/20220804_123555-01-300x167.jpeg 300w, https:\/\/ostrowskatv.pl\/wp-content\/uploads\/2022\/08\/20220804_123555-01-640x356.jpeg 640w\" sizes=\"auto, (max-width: 1366px) 100vw, 1366px\" \/><\/p>\n<p><img loading=\"lazy\" decoding=\"async\" src=\"https:\/\/ostrowskatv.pl\/wp-content\/uploads\/2022\/08\/20220804_123620-01.jpeg\" alt=\"\" width=\"1366\" height=\"921\" class=\"alignnone size-full wp-image-20405\" srcset=\"https:\/\/ostrowskatv.pl\/wp-content\/uploads\/2022\/08\/20220804_123620-01.jpeg 1366w, https:\/\/ostrowskatv.pl\/wp-content\/uploads\/2022\/08\/20220804_123620-01-300x202.jpeg 300w, https:\/\/ostrowskatv.pl\/wp-content\/uploads\/2022\/08\/20220804_123620-01-534x360.jpeg 534w\" sizes=\"auto, (max-width: 1366px) 100vw, 1366px\" \/><\/p>\n","protected":false},"excerpt":{"rendered":"Oko\u0142o godziny 12 do s\u0142u\u017cb ratowniczych wp\u0142yn\u0119\u0142o zg\u0142oszenie o przewr\u00f3conym ci\u0105gniku rolniczym na polu i przygniecionym m\u0119\u017cczy\u017anie. Sytuacja okaza\u0142a si\u0119 inna, ale nie \n<a class=\"moretag\" href=\"https:\/\/ostrowskatv.pl\/?p=20400\"> [...]<\/a>","protected":false},"author":1,"featured_media":20405,"comment_status":"open","ping_status":"closed","sticky":false,"template":"","format":"standard","meta":{"footnotes":""},"categories":[1],"tags":[194],"class_list":["post-20400","post","type-post","status-publish","format-standard","has-post-thumbnail","hentry","category-news","tag-rolnictwo"],"_links":{"self":[{"href":"https:\/\/ostrowskatv.pl\/index.php?rest_route=\/wp\/v2\/posts\/20400","targetHints":{"allow":["GET"]}}],"collection":[{"href":"https:\/\/ostrowskatv.pl\/index.php?rest_route=\/wp\/v2\/posts"}],"about":[{"href":"https:\/\/ostrowskatv.pl\/index.php?rest_route=\/wp\/v2\/types\/post"}],"author":[{"embeddable":true,"href":"https:\/\/ostrowskatv.pl\/index.php?rest_route=\/wp\/v2\/users\/1"}],"replies":[{"embeddable":true,"href":"https:\/\/ostrowskatv.pl\/index.php?rest_route=%2Fwp%2Fv2%2Fcomments&post=20400"}],"version-history":[{"count":0,"href":"https:\/\/ostrowskatv.pl\/index.php?rest_route=\/wp\/v2\/posts\/20400\/revisions"}],"wp:featuredmedia":[{"embeddable":true,"href":"https:\/\/ostrowskatv.pl\/index.php?rest_route=\/wp\/v2\/media\/20405"}],"wp:attachment":[{"href":"https:\/\/ostrowskatv.pl\/index.php?rest_route=%2Fwp%2Fv2%2Fmedia&parent=20400"}],"wp:term":[{"taxonomy":"category","embeddable":true,"href":"https:\/\/ostrowskatv.pl\/index.php?rest_route=%2Fwp%2Fv2%2Fcategories&post=20400"},{"taxonomy":"post_tag","embeddable":true,"href":"https:\/\/ostrowskatv.pl\/index.php?rest_route=%2Fwp%2Fv2%2Ftags&post=20400"}],"curies":[{"name":"wp","href":"https:\/\/api.w.org\/{rel}","templated":true}]}}