{"id":2040,"date":"2016-08-11T11:13:29","date_gmt":"2016-08-11T10:13:29","guid":{"rendered":"http:\/\/ostrowska.tv\/?p=2040"},"modified":"2016-08-11T11:13:29","modified_gmt":"2016-08-11T10:13:29","slug":"poranny-dzwon-pod-kosciolem","status":"publish","type":"post","link":"https:\/\/ostrowskatv.pl\/?p=2040","title":{"rendered":"Poranny dzwon pod ko\u015bcio\u0142em"},"content":{"rendered":"<p><strong>W czwartkowy poranek dosz\u0142o do wypadku dw\u00f3ch samochod\u00f3w osobowych w Wysocku Wielkim przy ko\u015bciele. Przy skrzy\u017cowaniu kierowca Daewoo Matiza jad\u0105c od strony Ostrowa Wlkp. zjecha\u0142 na przeciwny pas ruchu gdzie zderzy\u0142 si\u0119 z jad\u0105cym z przeciwka Volkswagenem Tiguanem. Najprawdopodobniej przyczyn\u0105 zderzenia by\u0142o zas\u0142abni\u0119cie kierowcy czerwonego Matiza. M\u0119\u017cczyzn\u0119 zabrano do ostrowskiego szpitala. Obaj kierowcy byli trze\u017awi.<\/strong><\/p>\n<div id='gallery-1' class='gallery galleryid-2040 gallery-columns-3 gallery-size-thumbnail'><figure class='gallery-item'>\n\t\t\t<div class='gallery-icon landscape'>\n\t\t\t\t<a href='https:\/\/ostrowskatv.pl\/?attachment_id=2041'><img loading=\"lazy\" decoding=\"async\" width=\"150\" height=\"150\" src=\"https:\/\/ostrowskatv.pl\/wp-content\/uploads\/2016\/08\/20160811_074639-150x150.jpg\" class=\"attachment-thumbnail size-thumbnail\" alt=\"\" \/><\/a>\n\t\t\t<\/div><\/figure><figure class='gallery-item'>\n\t\t\t<div class='gallery-icon landscape'>\n\t\t\t\t<a href='https:\/\/ostrowskatv.pl\/?attachment_id=2042'><img loading=\"lazy\" decoding=\"async\" width=\"150\" height=\"150\" src=\"https:\/\/ostrowskatv.pl\/wp-content\/uploads\/2016\/08\/20160811_074745-150x150.jpg\" class=\"attachment-thumbnail size-thumbnail\" alt=\"\" \/><\/a>\n\t\t\t<\/div><\/figure><figure class='gallery-item'>\n\t\t\t<div class='gallery-icon landscape'>\n\t\t\t\t<a href='https:\/\/ostrowskatv.pl\/?attachment_id=2043'><img loading=\"lazy\" decoding=\"async\" width=\"150\" height=\"150\" src=\"https:\/\/ostrowskatv.pl\/wp-content\/uploads\/2016\/08\/20160811_074821-150x150.jpg\" class=\"attachment-thumbnail size-thumbnail\" alt=\"\" \/><\/a>\n\t\t\t<\/div><\/figure>\n\t\t<\/div>\n\n","protected":false},"excerpt":{"rendered":"W czwartkowy poranek dosz\u0142o do wypadku dw\u00f3ch samochod\u00f3w osobowych w Wysocku Wielkim przy ko\u015bciele. Przy skrzy\u017cowaniu kierowca Daewoo Matiza jad\u0105c od strony Ostrowa \n<a class=\"moretag\" href=\"https:\/\/ostrowskatv.pl\/?p=2040\"> [...]<\/a>","protected":false},"author":1,"featured_media":2041,"comment_status":"open","ping_status":"open","sticky":false,"template":"","format":"standard","meta":{"footnotes":""},"categories":[1],"tags":[99],"class_list":["post-2040","post","type-post","status-publish","format-standard","has-post-thumbnail","hentry","category-news","tag-wysocko-wielkie"],"_links":{"self":[{"href":"https:\/\/ostrowskatv.pl\/index.php?rest_route=\/wp\/v2\/posts\/2040","targetHints":{"allow":["GET"]}}],"collection":[{"href":"https:\/\/ostrowskatv.pl\/index.php?rest_route=\/wp\/v2\/posts"}],"about":[{"href":"https:\/\/ostrowskatv.pl\/index.php?rest_route=\/wp\/v2\/types\/post"}],"author":[{"embeddable":true,"href":"https:\/\/ostrowskatv.pl\/index.php?rest_route=\/wp\/v2\/users\/1"}],"replies":[{"embeddable":true,"href":"https:\/\/ostrowskatv.pl\/index.php?rest_route=%2Fwp%2Fv2%2Fcomments&post=2040"}],"version-history":[{"count":0,"href":"https:\/\/ostrowskatv.pl\/index.php?rest_route=\/wp\/v2\/posts\/2040\/revisions"}],"wp:featuredmedia":[{"embeddable":true,"href":"https:\/\/ostrowskatv.pl\/index.php?rest_route=\/wp\/v2\/media\/2041"}],"wp:attachment":[{"href":"https:\/\/ostrowskatv.pl\/index.php?rest_route=%2Fwp%2Fv2%2Fmedia&parent=2040"}],"wp:term":[{"taxonomy":"category","embeddable":true,"href":"https:\/\/ostrowskatv.pl\/index.php?rest_route=%2Fwp%2Fv2%2Fcategories&post=2040"},{"taxonomy":"post_tag","embeddable":true,"href":"https:\/\/ostrowskatv.pl\/index.php?rest_route=%2Fwp%2Fv2%2Ftags&post=2040"}],"curies":[{"name":"wp","href":"https:\/\/api.w.org\/{rel}","templated":true}]}}