{"id":204,"date":"2016-01-19T11:07:17","date_gmt":"2016-01-19T10:07:17","guid":{"rendered":"http:\/\/ostrowska.tv\/?p=204"},"modified":"2016-01-19T11:07:17","modified_gmt":"2016-01-19T10:07:17","slug":"miasto-nie-inwestuje-wina-urbaniaka","status":"publish","type":"post","link":"https:\/\/ostrowskatv.pl\/?p=204","title":{"rendered":"Miasto nie inwestuje? &#8222;Wina Urbaniaka&#8221;"},"content":{"rendered":"<p>Radni PO twierdz\u0105, \u017ce prezydent Beata Klimek w ubieg\u0142ym roku pozyska\u0142a 500 tysi\u0119cy z\u0142otych w ramach \u015brodk\u00f3w zewn\u0119trznych, co stanowi bardzo skromny wynik przy \u015bredniej rocznej Jaros\u0142awa Urbaniaka na poziomie 17 milion\u00f3w z\u0142otych. Co na ten temat s\u0105dz\u0105 w\u0142adze miasta?<\/p>\n<p>&#8211; Stawiany zarzut, \u017ce ubieg\u0142oroczny bud\u017cet nie by\u0142 szczeg\u00f3lnie proinwestycyjny nale\u017ca\u0142oby postawi\u0107 prezydentowi Jaros\u0142awowi Urbaniakowi, kt\u00f3ry ten bud\u017cet konstruowa\u0142 \u2013 m\u00f3wi nam Artur Ko\u0142aci\u0144ski z Biura Prasowa UM w Ostrowie Wielkopolskim. &#8211; Pr\u00f3by przemodelowania tego bud\u017cetu podczas jego uchwalania w du\u017cej mierze nie spotka\u0142y si\u0119 z uznaniem radnych i zosta\u0142y odrzucone \u2013 dodaje Ko\u0142aci\u0144ski.<\/p>\n<p>W\u0142adze miasta uwa\u017caj\u0105, \u017ce do bud\u017cetu uda\u0142o si\u0119 i tak wprowadzi\u0107 do wiele wa\u017cnych przedsi\u0119wzi\u0119\u0107. &#8211; Takim sukcesem jest m.in. program niedoko\u0144czonych inwestycji drogowych, na kt\u00f3ry przeznaczyli\u015bmy ponad 2 mln z\u0142, a kt\u00f3rego w pierwotnym bud\u017cecie nie by\u0142o. Pod koniec roku do bud\u017cetu wprowadzili\u015bmy modernizacj\u0119 basenu miejskiego, kt\u00f3ra r\u00f3wnie\u017c jest du\u017c\u0105 inwestycj\u0105 \u2013 przekonuje Artur Ko\u0142aci\u0144ski.<\/p>\n<p>W ratuszu dodaj\u0105, \u017ce pierwszy rok prezydentury Beaty Klimek przypad\u0142 na prze\u0142om dw\u00f3ch perspektyw finansowych Unii Europejskiej. W zwi\u0105zku z tym trudno wi\u0119c por\u00f3wnywa\u0107 miniony rok do wcze\u015bniejszych lat. &#8211; Manipulacj\u0105 jest por\u00f3wnywanie czterech lat prezydentury Jaros\u0142awa Urbaniaka do roku prezydentury Beaty Klimek. Na takie podsumowania przyjdzie jeszcze czas \u2013 dodaje na zako\u0144czenie Artur Ko\u0142aci\u0144ski.<\/p>\n<p>Kto w tej sprawie ma racj\u0119? Czy bud\u017cet miasta jest rzeczywi\u015bcie ma\u0142o proinwestycyjny? Zach\u0119camy do dyskusji.<\/p>\n","protected":false},"excerpt":{"rendered":"Radni PO twierdz\u0105, \u017ce prezydent Beata Klimek w ubieg\u0142ym roku pozyska\u0142a 500 tysi\u0119cy z\u0142otych w ramach \u015brodk\u00f3w zewn\u0119trznych, co stanowi bardzo skromny wynik \n<a class=\"moretag\" href=\"https:\/\/ostrowskatv.pl\/?p=204\"> [...]<\/a>","protected":false},"author":1,"featured_media":161,"comment_status":"open","ping_status":"open","sticky":false,"template":"","format":"standard","meta":{"footnotes":""},"categories":[1],"tags":[30,2,16],"class_list":["post-204","post","type-post","status-publish","format-standard","has-post-thumbnail","hentry","category-news","tag-inwestycje","tag-ostrow-wielkopolski","tag-radni"],"_links":{"self":[{"href":"https:\/\/ostrowskatv.pl\/index.php?rest_route=\/wp\/v2\/posts\/204","targetHints":{"allow":["GET"]}}],"collection":[{"href":"https:\/\/ostrowskatv.pl\/index.php?rest_route=\/wp\/v2\/posts"}],"about":[{"href":"https:\/\/ostrowskatv.pl\/index.php?rest_route=\/wp\/v2\/types\/post"}],"author":[{"embeddable":true,"href":"https:\/\/ostrowskatv.pl\/index.php?rest_route=\/wp\/v2\/users\/1"}],"replies":[{"embeddable":true,"href":"https:\/\/ostrowskatv.pl\/index.php?rest_route=%2Fwp%2Fv2%2Fcomments&post=204"}],"version-history":[{"count":0,"href":"https:\/\/ostrowskatv.pl\/index.php?rest_route=\/wp\/v2\/posts\/204\/revisions"}],"wp:featuredmedia":[{"embeddable":true,"href":"https:\/\/ostrowskatv.pl\/index.php?rest_route=\/wp\/v2\/media\/161"}],"wp:attachment":[{"href":"https:\/\/ostrowskatv.pl\/index.php?rest_route=%2Fwp%2Fv2%2Fmedia&parent=204"}],"wp:term":[{"taxonomy":"category","embeddable":true,"href":"https:\/\/ostrowskatv.pl\/index.php?rest_route=%2Fwp%2Fv2%2Fcategories&post=204"},{"taxonomy":"post_tag","embeddable":true,"href":"https:\/\/ostrowskatv.pl\/index.php?rest_route=%2Fwp%2Fv2%2Ftags&post=204"}],"curies":[{"name":"wp","href":"https:\/\/api.w.org\/{rel}","templated":true}]}}