{"id":20367,"date":"2022-07-31T15:19:07","date_gmt":"2022-07-31T14:19:07","guid":{"rendered":"https:\/\/ostrowskatv.pl\/?p=20367"},"modified":"2022-07-31T15:20:53","modified_gmt":"2022-07-31T14:20:53","slug":"5-nastolatkow-w-aucie-z-impetem-walneli-w-drzewo","status":"publish","type":"post","link":"https:\/\/ostrowskatv.pl\/?p=20367","title":{"rendered":"5 nastolatk\u00f3w w aucie. Z impetem waln\u0119li w drzewo"},"content":{"rendered":"<p><strong>Tu\u017c za granic\u0105 powiatu ostrowskiego, w miejscowo\u015bci Chwaliszew, dosz\u0142o do gro\u017anie wygl\u0105daj\u0105cego wypadku. 19-letni mieszkaniec powiatu krotoszy\u0144skiego nie dostosowa\u0142 pr\u0119dko\u015bci do warunk\u00f3w panuj\u0105cych na drodze przez co zjecha\u0142 na pobocze i uderzy\u0142 w drzewo.<\/strong><\/p>\n<p>Wraz z nim podr\u00f3\u017cowa\u0142y jeszcze nastoletnie osoby. 17- i -18-latkowie wraz z kierowc\u0105 trafili do szpitala. Wi\u0119cej szcz\u0119\u015bcia mia\u0142a 15-latka i 17-latek, kt\u00f3rzy nie odnie\u015bli obra\u017ce\u0144. <\/p>\n<p>Patrz\u0105c na si\u0142\u0119 bocznego uderzenia mog\u0105 m\u00f3wi\u0107 o cudzie, \u017ce \u017cyj\u0105. Wypadek mia\u0142 miejsce w sobot\u0119 przed godzin\u0105 21.<\/p>\n<p>Od m\u0142odego kierowcy pobrano krew do bada\u0144 na zawarto\u015b\u0107 substancji odurzaj\u0105cych.<\/p>\n<p><img loading=\"lazy\" decoding=\"async\" src=\"https:\/\/ostrowskatv.pl\/wp-content\/uploads\/2022\/07\/FB_IMG_1659275979509-01.jpeg\" alt=\"\" width=\"1080\" height=\"810\" class=\"alignnone size-full wp-image-20369\" srcset=\"https:\/\/ostrowskatv.pl\/wp-content\/uploads\/2022\/07\/FB_IMG_1659275979509-01.jpeg 1080w, https:\/\/ostrowskatv.pl\/wp-content\/uploads\/2022\/07\/FB_IMG_1659275979509-01-300x225.jpeg 300w, https:\/\/ostrowskatv.pl\/wp-content\/uploads\/2022\/07\/FB_IMG_1659275979509-01-480x360.jpeg 480w\" sizes=\"auto, (max-width: 1080px) 100vw, 1080px\" \/><\/p>\n<p><img loading=\"lazy\" decoding=\"async\" src=\"https:\/\/ostrowskatv.pl\/wp-content\/uploads\/2022\/07\/FB_IMG_1659275981127-01.jpeg\" alt=\"\" width=\"1080\" height=\"540\" class=\"alignnone size-full wp-image-20370\" srcset=\"https:\/\/ostrowskatv.pl\/wp-content\/uploads\/2022\/07\/FB_IMG_1659275981127-01.jpeg 1080w, https:\/\/ostrowskatv.pl\/wp-content\/uploads\/2022\/07\/FB_IMG_1659275981127-01-300x150.jpeg 300w, https:\/\/ostrowskatv.pl\/wp-content\/uploads\/2022\/07\/FB_IMG_1659275981127-01-640x320.jpeg 640w\" sizes=\"auto, (max-width: 1080px) 100vw, 1080px\" \/><\/p>\n<p><img loading=\"lazy\" decoding=\"async\" src=\"https:\/\/ostrowskatv.pl\/wp-content\/uploads\/2022\/07\/FB_IMG_1659275983343-01.jpeg\" alt=\"\" width=\"879\" height=\"495\" class=\"alignnone size-full wp-image-20371\" srcset=\"https:\/\/ostrowskatv.pl\/wp-content\/uploads\/2022\/07\/FB_IMG_1659275983343-01.jpeg 879w, https:\/\/ostrowskatv.pl\/wp-content\/uploads\/2022\/07\/FB_IMG_1659275983343-01-300x169.jpeg 300w, https:\/\/ostrowskatv.pl\/wp-content\/uploads\/2022\/07\/FB_IMG_1659275983343-01-640x360.jpeg 640w\" sizes=\"auto, (max-width: 879px) 100vw, 879px\" \/><\/p>\n","protected":false},"excerpt":{"rendered":"Tu\u017c za granic\u0105 powiatu ostrowskiego, w miejscowo\u015bci Chwaliszew, dosz\u0142o do gro\u017anie wygl\u0105daj\u0105cego wypadku. 19-letni mieszkaniec powiatu krotoszy\u0144skiego nie dostosowa\u0142 pr\u0119dko\u015bci do warunk\u00f3w panuj\u0105cych \n<a class=\"moretag\" href=\"https:\/\/ostrowskatv.pl\/?p=20367\"> [...]<\/a>","protected":false},"author":1,"featured_media":20370,"comment_status":"open","ping_status":"closed","sticky":false,"template":"","format":"standard","meta":{"footnotes":""},"categories":[1],"tags":[],"class_list":["post-20367","post","type-post","status-publish","format-standard","has-post-thumbnail","hentry","category-news"],"_links":{"self":[{"href":"https:\/\/ostrowskatv.pl\/index.php?rest_route=\/wp\/v2\/posts\/20367","targetHints":{"allow":["GET"]}}],"collection":[{"href":"https:\/\/ostrowskatv.pl\/index.php?rest_route=\/wp\/v2\/posts"}],"about":[{"href":"https:\/\/ostrowskatv.pl\/index.php?rest_route=\/wp\/v2\/types\/post"}],"author":[{"embeddable":true,"href":"https:\/\/ostrowskatv.pl\/index.php?rest_route=\/wp\/v2\/users\/1"}],"replies":[{"embeddable":true,"href":"https:\/\/ostrowskatv.pl\/index.php?rest_route=%2Fwp%2Fv2%2Fcomments&post=20367"}],"version-history":[{"count":0,"href":"https:\/\/ostrowskatv.pl\/index.php?rest_route=\/wp\/v2\/posts\/20367\/revisions"}],"wp:featuredmedia":[{"embeddable":true,"href":"https:\/\/ostrowskatv.pl\/index.php?rest_route=\/wp\/v2\/media\/20370"}],"wp:attachment":[{"href":"https:\/\/ostrowskatv.pl\/index.php?rest_route=%2Fwp%2Fv2%2Fmedia&parent=20367"}],"wp:term":[{"taxonomy":"category","embeddable":true,"href":"https:\/\/ostrowskatv.pl\/index.php?rest_route=%2Fwp%2Fv2%2Fcategories&post=20367"},{"taxonomy":"post_tag","embeddable":true,"href":"https:\/\/ostrowskatv.pl\/index.php?rest_route=%2Fwp%2Fv2%2Ftags&post=20367"}],"curies":[{"name":"wp","href":"https:\/\/api.w.org\/{rel}","templated":true}]}}