{"id":20356,"date":"2022-07-30T15:39:59","date_gmt":"2022-07-30T14:39:59","guid":{"rendered":"https:\/\/ostrowskatv.pl\/?p=20356"},"modified":"2022-07-30T15:40:25","modified_gmt":"2022-07-30T14:40:25","slug":"z-dwogiem-dzieci-wjechala-na-czerwonym","status":"publish","type":"post","link":"https:\/\/ostrowskatv.pl\/?p=20356","title":{"rendered":"Z dwojgiem dzieci wjecha\u0142a na czerwonym"},"content":{"rendered":"<p><strong>Wczesnym popo\u0142udniem kobieta jad\u0105c z dwojgiem dzieci w wieku oko\u0142o 10 lat spowodowa\u0142a kolizj\u0119 z dwoma innymi samochodami. Sprawczyni w volkswagenie wyje\u017cd\u017ca\u0142a ulic\u0105 Limanowskiego od strony szpitala. <\/strong><\/p>\n<p>Po wjechaniu na czerwonym \u015bwietle zosta\u0142a uderzona przez dwie skody. W ca\u0142ym zdarzeniu ucierpia\u0142y tylko pojazdy, a nikomu z jad\u0105cych nic si\u0119 nie sta\u0142o.<\/p>\n<p>Kobieta w wieku oko\u0142o 40 lat przyzna\u0142a policjantowi, \u017ce widzia\u0142a czerwone \u015bwiat\u0142o, ale zamy\u015bli\u0142a si\u0119. Wszystko to tu\u017c przed wyjazdem na wakacje.<\/p>\n<p><img loading=\"lazy\" decoding=\"async\" src=\"https:\/\/ostrowskatv.pl\/wp-content\/uploads\/2022\/07\/20220730_153118-02.jpeg\" alt=\"\" width=\"1366\" height=\"815\" class=\"alignnone size-full wp-image-20357\" srcset=\"https:\/\/ostrowskatv.pl\/wp-content\/uploads\/2022\/07\/20220730_153118-02.jpeg 1366w, https:\/\/ostrowskatv.pl\/wp-content\/uploads\/2022\/07\/20220730_153118-02-300x179.jpeg 300w, https:\/\/ostrowskatv.pl\/wp-content\/uploads\/2022\/07\/20220730_153118-02-603x360.jpeg 603w\" sizes=\"auto, (max-width: 1366px) 100vw, 1366px\" \/><\/p>\n<p><img loading=\"lazy\" decoding=\"async\" src=\"https:\/\/ostrowskatv.pl\/wp-content\/uploads\/2022\/07\/20220730_153044-01.jpeg\" alt=\"\" width=\"1366\" height=\"678\" class=\"alignnone size-full wp-image-20358\" srcset=\"https:\/\/ostrowskatv.pl\/wp-content\/uploads\/2022\/07\/20220730_153044-01.jpeg 1366w, https:\/\/ostrowskatv.pl\/wp-content\/uploads\/2022\/07\/20220730_153044-01-300x149.jpeg 300w, https:\/\/ostrowskatv.pl\/wp-content\/uploads\/2022\/07\/20220730_153044-01-640x318.jpeg 640w\" sizes=\"auto, (max-width: 1366px) 100vw, 1366px\" \/><\/p>\n<p><img loading=\"lazy\" decoding=\"async\" src=\"https:\/\/ostrowskatv.pl\/wp-content\/uploads\/2022\/07\/20220730_153118-01.jpeg\" alt=\"\" width=\"1366\" height=\"699\" class=\"alignnone size-full wp-image-20359\" srcset=\"https:\/\/ostrowskatv.pl\/wp-content\/uploads\/2022\/07\/20220730_153118-01.jpeg 1366w, https:\/\/ostrowskatv.pl\/wp-content\/uploads\/2022\/07\/20220730_153118-01-300x154.jpeg 300w, https:\/\/ostrowskatv.pl\/wp-content\/uploads\/2022\/07\/20220730_153118-01-640x327.jpeg 640w\" sizes=\"auto, (max-width: 1366px) 100vw, 1366px\" \/><\/p>\n<p><img loading=\"lazy\" decoding=\"async\" src=\"https:\/\/ostrowskatv.pl\/wp-content\/uploads\/2022\/07\/20220730_153313-01.jpeg\" alt=\"\" width=\"1184\" height=\"1366\" class=\"alignnone size-full wp-image-20360\" srcset=\"https:\/\/ostrowskatv.pl\/wp-content\/uploads\/2022\/07\/20220730_153313-01.jpeg 1184w, https:\/\/ostrowskatv.pl\/wp-content\/uploads\/2022\/07\/20220730_153313-01-260x300.jpeg 260w, https:\/\/ostrowskatv.pl\/wp-content\/uploads\/2022\/07\/20220730_153313-01-312x360.jpeg 312w\" sizes=\"auto, (max-width: 1184px) 100vw, 1184px\" \/><\/p>\n<p><img loading=\"lazy\" decoding=\"async\" src=\"https:\/\/ostrowskatv.pl\/wp-content\/uploads\/2022\/07\/20220730_153621-01.jpeg\" alt=\"\" width=\"1366\" height=\"907\" class=\"alignnone size-full wp-image-20361\" srcset=\"https:\/\/ostrowskatv.pl\/wp-content\/uploads\/2022\/07\/20220730_153621-01.jpeg 1366w, https:\/\/ostrowskatv.pl\/wp-content\/uploads\/2022\/07\/20220730_153621-01-300x199.jpeg 300w, https:\/\/ostrowskatv.pl\/wp-content\/uploads\/2022\/07\/20220730_153621-01-542x360.jpeg 542w\" sizes=\"auto, (max-width: 1366px) 100vw, 1366px\" \/><\/p>\n<p><img loading=\"lazy\" decoding=\"async\" src=\"https:\/\/ostrowskatv.pl\/wp-content\/uploads\/2022\/07\/20220730_153627-01.jpeg\" alt=\"\" width=\"1366\" height=\"1025\" class=\"alignnone size-full wp-image-20362\" srcset=\"https:\/\/ostrowskatv.pl\/wp-content\/uploads\/2022\/07\/20220730_153627-01.jpeg 1366w, https:\/\/ostrowskatv.pl\/wp-content\/uploads\/2022\/07\/20220730_153627-01-300x225.jpeg 300w, https:\/\/ostrowskatv.pl\/wp-content\/uploads\/2022\/07\/20220730_153627-01-480x360.jpeg 480w\" sizes=\"auto, (max-width: 1366px) 100vw, 1366px\" \/><\/p>\n","protected":false},"excerpt":{"rendered":"Wczesnym popo\u0142udniem kobieta jad\u0105c z dwojgiem dzieci w wieku oko\u0142o 10 lat spowodowa\u0142a kolizj\u0119 z dwoma innymi samochodami. Sprawczyni w volkswagenie wyje\u017cd\u017ca\u0142a ulic\u0105 \n<a class=\"moretag\" href=\"https:\/\/ostrowskatv.pl\/?p=20356\"> [...]<\/a>","protected":false},"author":1,"featured_media":20359,"comment_status":"open","ping_status":"closed","sticky":false,"template":"","format":"standard","meta":{"footnotes":""},"categories":[1],"tags":[2],"class_list":["post-20356","post","type-post","status-publish","format-standard","has-post-thumbnail","hentry","category-news","tag-ostrow-wielkopolski"],"_links":{"self":[{"href":"https:\/\/ostrowskatv.pl\/index.php?rest_route=\/wp\/v2\/posts\/20356","targetHints":{"allow":["GET"]}}],"collection":[{"href":"https:\/\/ostrowskatv.pl\/index.php?rest_route=\/wp\/v2\/posts"}],"about":[{"href":"https:\/\/ostrowskatv.pl\/index.php?rest_route=\/wp\/v2\/types\/post"}],"author":[{"embeddable":true,"href":"https:\/\/ostrowskatv.pl\/index.php?rest_route=\/wp\/v2\/users\/1"}],"replies":[{"embeddable":true,"href":"https:\/\/ostrowskatv.pl\/index.php?rest_route=%2Fwp%2Fv2%2Fcomments&post=20356"}],"version-history":[{"count":0,"href":"https:\/\/ostrowskatv.pl\/index.php?rest_route=\/wp\/v2\/posts\/20356\/revisions"}],"wp:featuredmedia":[{"embeddable":true,"href":"https:\/\/ostrowskatv.pl\/index.php?rest_route=\/wp\/v2\/media\/20359"}],"wp:attachment":[{"href":"https:\/\/ostrowskatv.pl\/index.php?rest_route=%2Fwp%2Fv2%2Fmedia&parent=20356"}],"wp:term":[{"taxonomy":"category","embeddable":true,"href":"https:\/\/ostrowskatv.pl\/index.php?rest_route=%2Fwp%2Fv2%2Fcategories&post=20356"},{"taxonomy":"post_tag","embeddable":true,"href":"https:\/\/ostrowskatv.pl\/index.php?rest_route=%2Fwp%2Fv2%2Ftags&post=20356"}],"curies":[{"name":"wp","href":"https:\/\/api.w.org\/{rel}","templated":true}]}}