{"id":20337,"date":"2022-07-29T15:21:54","date_gmt":"2022-07-29T14:21:54","guid":{"rendered":"https:\/\/ostrowskatv.pl\/?p=20337"},"modified":"2022-07-29T15:21:54","modified_gmt":"2022-07-29T14:21:54","slug":"prawda-z-hotelem-komeda-wyszla-na-jaw","status":"publish","type":"post","link":"https:\/\/ostrowskatv.pl\/?p=20337","title":{"rendered":"Prawda z Hotelem Komeda wysz\u0142a na jaw"},"content":{"rendered":"<p><strong>Powracamy do sprawy wystawionego na sprzeda\u017c Hotelu i Restauracji Komeda. W\u0142a\u015bcicielem tego kultowego miejsca na mapie Ostrowa Wlkp. jest ostrowianka pani Anna Walczak wraz z m\u0119\u017cem.<\/strong><\/p>\n<p>Na pomys\u0142 stworzenia presti\u017cowego miejsca wpadli 26 lat temu. W tamtym czasie w Ostrowie nie by\u0142o \u017cadnego czynnego hotelu. Pa\u0144stwo Walczak dostrzegli atrakcyjne miejsce przy powstaj\u0105cym kinie Komeda i to w\u0142a\u015bnie tutaj powsta\u0142a luksusowa restauracja wraz z 5 pokojami hotelowymi.<br \/>\nNa bazie sukcesu i niedoboru miejsc noclegowych w Ostrowie rozbudowano obiekt o 5 apartament\u00f3w i 22 pokoje.<\/p>\n<p>Jak wspomina pani Anna, chcia\u0142a stworzy\u0107 wyj\u0105tkowe miejsce z najlepsz\u0105 obs\u0142ug\u0105.<\/p>\n<blockquote><p>&#8211; Kiedy zaprosili\u015bmy do wsp\u00f3\u0142tworzenia hotelu i restauracji Komeda najlepszych nam znanych kucharzy, kelner\u00f3w oraz recepcjonist\u00f3w, chcieli\u015bmy dokwalifikowa\u0107 ich do europejskiego poziomu. W tym celu wys\u0142ali\u015bmy kucharzy do w\u0142oskich restauracji. Uda\u0142o nam si\u0119 utrzyma\u0107 wspania\u0142ych ludzi do dzisiaj, kt\u00f3rzy dbaj\u0105 o podniebienia klient\u00f3w. &#8211; wspomina Anna Walczak, w\u0142a\u015bcicielka Restauracji i Hotelu Komeda.<\/p><\/blockquote>\n<p>Po publikacjach medialnych z informacj\u0105 o znalezionym og\u0142oszeniu, rozdzwoni\u0142y si\u0119 telefony z pytaniami dlaczego pojawi\u0142o si\u0119 og\u0142oszenie i co si\u0119 dzieje. Pani Anna uspokaja i zapewnia, \u017ce hotel i restauracja w dalszym ci\u0105gu b\u0119d\u0105 funkcjonowa\u0107 na niezmienionym poziomie.<\/p>\n<blockquote><p>&#8211; Zbli\u017caj\u0105ca si\u0119 jesie\u0144 \u017cycia pozwoli\u0142a na chwil\u0119 refleksji nad naszym \u017cyciem i w g\u0142owie zrodzi\u0142a si\u0119 my\u015bl by zbada\u0107 rynek nad ewentualnym znalezieniem osoby godnej do przej\u0119cia tego miejsca. Oczywistym jest, \u017ce taki proces nie odbywa si\u0119 z dnia na dzie\u0144, lecz cz\u0119sto trwa latami.<\/p><\/blockquote>\n<p>Dlatego raz jeszcze pragn\u0119 zapewni\u0107, \u017ce restauracja i hotel istniej\u0105 oraz dobrze prosperuj\u0105. A je\u015bli kto\u015b mia\u0142by w\u0105tpliwo\u015bci to serdecznie zapraszamy w nasze progi by przekona\u0107 si\u0119, \u017ce s\u0105 z nami sprawdzeni kucharze, kelnerzy czy witaj\u0105ce u\u015bmiechem recepcjonistki. &#8211; zapewnia pani Anna Walczak.<\/p>\n<p>Jak wida\u0107 wcze\u015bniejsze publikacje wywo\u0142a\u0142y s\u0142uszne zainteresowanie mieszka\u0144c\u00f3w regionu, ale dotychczasowa dzia\u0142alno\u015b\u0107 pani Anny wraz z m\u0119\u017cem pozwalaj\u0105 by\u0107 spokojnym o dalsze istnienie Restauracji i Hotelu Komeda.<\/p>\n<p><img loading=\"lazy\" decoding=\"async\" class=\"alignnone size-full wp-image-20339\" src=\"https:\/\/ostrowskatv.pl\/wp-content\/uploads\/2022\/07\/20220729_144618-01.jpeg\" alt=\"\" width=\"1365\" height=\"778\" srcset=\"https:\/\/ostrowskatv.pl\/wp-content\/uploads\/2022\/07\/20220729_144618-01.jpeg 1365w, https:\/\/ostrowskatv.pl\/wp-content\/uploads\/2022\/07\/20220729_144618-01-300x171.jpeg 300w, https:\/\/ostrowskatv.pl\/wp-content\/uploads\/2022\/07\/20220729_144618-01-632x360.jpeg 632w, https:\/\/ostrowskatv.pl\/wp-content\/uploads\/2022\/07\/20220729_144618-01-388x220.jpeg 388w\" sizes=\"auto, (max-width: 1365px) 100vw, 1365px\" \/><\/p>\n<p><img loading=\"lazy\" decoding=\"async\" class=\"alignnone size-full wp-image-20340\" src=\"https:\/\/ostrowskatv.pl\/wp-content\/uploads\/2022\/07\/20220729_145201-01.jpeg\" alt=\"\" width=\"1366\" height=\"1025\" srcset=\"https:\/\/ostrowskatv.pl\/wp-content\/uploads\/2022\/07\/20220729_145201-01.jpeg 1366w, https:\/\/ostrowskatv.pl\/wp-content\/uploads\/2022\/07\/20220729_145201-01-300x225.jpeg 300w, https:\/\/ostrowskatv.pl\/wp-content\/uploads\/2022\/07\/20220729_145201-01-480x360.jpeg 480w\" sizes=\"auto, (max-width: 1366px) 100vw, 1366px\" \/><\/p>\n","protected":false},"excerpt":{"rendered":"Powracamy do sprawy wystawionego na sprzeda\u017c Hotelu i Restauracji Komeda. W\u0142a\u015bcicielem tego kultowego miejsca na mapie Ostrowa Wlkp. jest ostrowianka pani Anna Walczak \n<a class=\"moretag\" href=\"https:\/\/ostrowskatv.pl\/?p=20337\"> [...]<\/a>","protected":false},"author":1,"featured_media":20340,"comment_status":"open","ping_status":"closed","sticky":false,"template":"","format":"standard","meta":{"footnotes":""},"categories":[1],"tags":[2],"class_list":["post-20337","post","type-post","status-publish","format-standard","has-post-thumbnail","hentry","category-news","tag-ostrow-wielkopolski"],"_links":{"self":[{"href":"https:\/\/ostrowskatv.pl\/index.php?rest_route=\/wp\/v2\/posts\/20337","targetHints":{"allow":["GET"]}}],"collection":[{"href":"https:\/\/ostrowskatv.pl\/index.php?rest_route=\/wp\/v2\/posts"}],"about":[{"href":"https:\/\/ostrowskatv.pl\/index.php?rest_route=\/wp\/v2\/types\/post"}],"author":[{"embeddable":true,"href":"https:\/\/ostrowskatv.pl\/index.php?rest_route=\/wp\/v2\/users\/1"}],"replies":[{"embeddable":true,"href":"https:\/\/ostrowskatv.pl\/index.php?rest_route=%2Fwp%2Fv2%2Fcomments&post=20337"}],"version-history":[{"count":0,"href":"https:\/\/ostrowskatv.pl\/index.php?rest_route=\/wp\/v2\/posts\/20337\/revisions"}],"wp:featuredmedia":[{"embeddable":true,"href":"https:\/\/ostrowskatv.pl\/index.php?rest_route=\/wp\/v2\/media\/20340"}],"wp:attachment":[{"href":"https:\/\/ostrowskatv.pl\/index.php?rest_route=%2Fwp%2Fv2%2Fmedia&parent=20337"}],"wp:term":[{"taxonomy":"category","embeddable":true,"href":"https:\/\/ostrowskatv.pl\/index.php?rest_route=%2Fwp%2Fv2%2Fcategories&post=20337"},{"taxonomy":"post_tag","embeddable":true,"href":"https:\/\/ostrowskatv.pl\/index.php?rest_route=%2Fwp%2Fv2%2Ftags&post=20337"}],"curies":[{"name":"wp","href":"https:\/\/api.w.org\/{rel}","templated":true}]}}