{"id":20256,"date":"2022-07-27T08:30:18","date_gmt":"2022-07-27T07:30:18","guid":{"rendered":"https:\/\/ostrowskatv.pl\/?p=20256"},"modified":"2022-07-27T08:30:18","modified_gmt":"2022-07-27T07:30:18","slug":"fiatem-punto-krecil-baczki-pod-lidlem","status":"publish","type":"post","link":"https:\/\/ostrowskatv.pl\/?p=20256","title":{"rendered":"Fiatem punto kr\u0119ci\u0142 b\u0105czki pod lidlem"},"content":{"rendered":"<p><strong>Trudno w to uwierzy\u0107, ale m\u0119\u017cczyzna kieruj\u0105c fiatem punto wykrzesa\u0142 z niego ile si\u0119 tylko da. Mia\u0142 kr\u0119ci\u0107 b\u0105czki na parkingu marketu lidl.<\/strong><\/p>\n<p>Policjanci chwil\u0119 przed godzin\u0105 6 rano otrzymali zg\u0142oszenie, \u017ce kierowca fiata punto je\u017adzi w k\u00f3\u0142ko i kr\u0119ci b\u0105czki. Po doje\u017adzie na miejsce zbadali jego trze\u017awo\u015b\u0107. Kierowca wydmucha\u0142 0.6 promila alkoholu. Wraz z nim na pok\u0142adzie by\u0142 kolega, kt\u00f3rego zabrano na komend\u0119 w celu przes\u0142uchania. <\/p>\n<p>Mieszkaniec powiatu ostrowskiego pozostanie w policyjnym areszcie do czasu wytrze\u017awienia i z\u0142o\u017cenia wyja\u015bnie\u0144.<\/p>\n<p><img loading=\"lazy\" decoding=\"async\" src=\"https:\/\/ostrowskatv.pl\/wp-content\/uploads\/2022\/07\/20220727_071629-01.jpeg\" alt=\"\" width=\"1366\" height=\"709\" class=\"alignnone size-full wp-image-20258\" srcset=\"https:\/\/ostrowskatv.pl\/wp-content\/uploads\/2022\/07\/20220727_071629-01.jpeg 1366w, https:\/\/ostrowskatv.pl\/wp-content\/uploads\/2022\/07\/20220727_071629-01-300x156.jpeg 300w, https:\/\/ostrowskatv.pl\/wp-content\/uploads\/2022\/07\/20220727_071629-01-640x332.jpeg 640w\" sizes=\"auto, (max-width: 1366px) 100vw, 1366px\" \/><\/p>\n<p><img loading=\"lazy\" decoding=\"async\" src=\"https:\/\/ostrowskatv.pl\/wp-content\/uploads\/2022\/07\/20220727_071623-01.jpeg\" alt=\"\" width=\"1366\" height=\"709\" class=\"alignnone size-full wp-image-20259\" srcset=\"https:\/\/ostrowskatv.pl\/wp-content\/uploads\/2022\/07\/20220727_071623-01.jpeg 1366w, https:\/\/ostrowskatv.pl\/wp-content\/uploads\/2022\/07\/20220727_071623-01-300x156.jpeg 300w, https:\/\/ostrowskatv.pl\/wp-content\/uploads\/2022\/07\/20220727_071623-01-640x332.jpeg 640w\" sizes=\"auto, (max-width: 1366px) 100vw, 1366px\" \/><\/p>\n<p><img loading=\"lazy\" decoding=\"async\" src=\"https:\/\/ostrowskatv.pl\/wp-content\/uploads\/2022\/07\/20220727_071616-01.jpeg\" alt=\"\" width=\"1366\" height=\"645\" class=\"alignnone size-full wp-image-20260\" srcset=\"https:\/\/ostrowskatv.pl\/wp-content\/uploads\/2022\/07\/20220727_071616-01.jpeg 1366w, https:\/\/ostrowskatv.pl\/wp-content\/uploads\/2022\/07\/20220727_071616-01-300x142.jpeg 300w, https:\/\/ostrowskatv.pl\/wp-content\/uploads\/2022\/07\/20220727_071616-01-640x302.jpeg 640w\" sizes=\"auto, (max-width: 1366px) 100vw, 1366px\" \/><\/p>\n<p><img loading=\"lazy\" decoding=\"async\" src=\"https:\/\/ostrowskatv.pl\/wp-content\/uploads\/2022\/07\/20220727_071549-01.jpeg\" alt=\"\" width=\"1366\" height=\"607\" class=\"alignnone size-full wp-image-20261\" srcset=\"https:\/\/ostrowskatv.pl\/wp-content\/uploads\/2022\/07\/20220727_071549-01.jpeg 1366w, https:\/\/ostrowskatv.pl\/wp-content\/uploads\/2022\/07\/20220727_071549-01-300x133.jpeg 300w, https:\/\/ostrowskatv.pl\/wp-content\/uploads\/2022\/07\/20220727_071549-01-640x284.jpeg 640w\" sizes=\"auto, (max-width: 1366px) 100vw, 1366px\" \/><\/p>\n","protected":false},"excerpt":{"rendered":"Trudno w to uwierzy\u0107, ale m\u0119\u017cczyzna kieruj\u0105c fiatem punto wykrzesa\u0142 z niego ile si\u0119 tylko da. Mia\u0142 kr\u0119ci\u0107 b\u0105czki na parkingu marketu lidl. \n<a class=\"moretag\" href=\"https:\/\/ostrowskatv.pl\/?p=20256\"> [...]<\/a>","protected":false},"author":1,"featured_media":20260,"comment_status":"open","ping_status":"closed","sticky":false,"template":"","format":"standard","meta":{"footnotes":""},"categories":[1],"tags":[34],"class_list":["post-20256","post","type-post","status-publish","format-standard","has-post-thumbnail","hentry","category-news","tag-policja"],"_links":{"self":[{"href":"https:\/\/ostrowskatv.pl\/index.php?rest_route=\/wp\/v2\/posts\/20256","targetHints":{"allow":["GET"]}}],"collection":[{"href":"https:\/\/ostrowskatv.pl\/index.php?rest_route=\/wp\/v2\/posts"}],"about":[{"href":"https:\/\/ostrowskatv.pl\/index.php?rest_route=\/wp\/v2\/types\/post"}],"author":[{"embeddable":true,"href":"https:\/\/ostrowskatv.pl\/index.php?rest_route=\/wp\/v2\/users\/1"}],"replies":[{"embeddable":true,"href":"https:\/\/ostrowskatv.pl\/index.php?rest_route=%2Fwp%2Fv2%2Fcomments&post=20256"}],"version-history":[{"count":0,"href":"https:\/\/ostrowskatv.pl\/index.php?rest_route=\/wp\/v2\/posts\/20256\/revisions"}],"wp:featuredmedia":[{"embeddable":true,"href":"https:\/\/ostrowskatv.pl\/index.php?rest_route=\/wp\/v2\/media\/20260"}],"wp:attachment":[{"href":"https:\/\/ostrowskatv.pl\/index.php?rest_route=%2Fwp%2Fv2%2Fmedia&parent=20256"}],"wp:term":[{"taxonomy":"category","embeddable":true,"href":"https:\/\/ostrowskatv.pl\/index.php?rest_route=%2Fwp%2Fv2%2Fcategories&post=20256"},{"taxonomy":"post_tag","embeddable":true,"href":"https:\/\/ostrowskatv.pl\/index.php?rest_route=%2Fwp%2Fv2%2Ftags&post=20256"}],"curies":[{"name":"wp","href":"https:\/\/api.w.org\/{rel}","templated":true}]}}