{"id":20248,"date":"2022-07-25T13:47:31","date_gmt":"2022-07-25T12:47:31","guid":{"rendered":"https:\/\/ostrowskatv.pl\/?p=20248"},"modified":"2022-07-25T13:47:31","modified_gmt":"2022-07-25T12:47:31","slug":"nie-dojechal-do-pracy-w-mahle","status":"publish","type":"post","link":"https:\/\/ostrowskatv.pl\/?p=20248","title":{"rendered":"Nie dojecha\u0142 do pracy w Mahle"},"content":{"rendered":"<p><strong>Przy ulicy Wa\u0144kowicza w Ostrowie Wielkopolskim dosz\u0142o do zderzenia samochodu osobowego z rowerzyst\u0105. Na miejsce wezwano policj\u0119 i karetk\u0119 pogotowia ratunkowego.<\/strong><\/p>\n<p>Po godzinie 14 dwoje rowerzyst\u00f3w jecha\u0142o po \u015bcie\u017cce rowerowej w stron\u0119 ogr\u00f3dk\u00f3w dzia\u0142kowych przy Piaskach. Z przeciwka po ulicy doje\u017cd\u017ca\u0142 samochodem pracownik pobliskiej firmy. Skr\u0119caj\u0105c na parking przy Mahle nie dostrzeg\u0142 wyje\u017cd\u017caj\u0105cych z cienia drzew rowerzyst\u00f3w i doprowadzi\u0142 do kolizji.<\/p>\n<p>Cyklista przewr\u00f3ci\u0142 si\u0119, ale wsta\u0142 bez zauwa\u017calnych obra\u017ce\u0144. Poprosi\u0142 o przyjazd karetki pogotowia ratunkowego, kt\u00f3r\u0105 przewieziono go do szpitala. Zdenerwowa\u0142o go, \u017ce kupi\u0142 2 tygodnie temu rower w jednej z wroc\u0142awskich firm i b\u0119dzie go tam musia\u0142  wys\u0142a\u0107 do serwisu.<\/p>\n<p>Widoczniej wi\u0119cej nerw\u00f3w mia\u0142 kierowca citroena. Po trz\u0119s\u0105cych si\u0119 d\u0142oniach by\u0142o wida\u0107, \u017ce prze\u017cywa ca\u0142\u0105 sytuacj\u0119. Mi\u0142a policjantka pocieszy\u0142a go s\u0142owem, informuj\u0105c \u017ce z rowerzyst\u0105 nie powinno by\u0107 \u017ale i ca\u0142e zdarzenie mo\u017ce si\u0119 zako\u0144czy\u0107 jako kolizja.<\/p>\n<p>Pracownik pobliskiej firmy musi poczeka\u0107 do zako\u0144czenia czynno\u015bci, a te mog\u0105 trwa\u0107 kilka godzin z powodu czasu uzyskania wynik\u00f3w diagnostyki w szpitalu. <\/p>\n<p><img loading=\"lazy\" decoding=\"async\" src=\"https:\/\/ostrowskatv.pl\/wp-content\/uploads\/2022\/07\/20220725_142116-01.jpeg\" alt=\"\" width=\"1366\" height=\"602\" class=\"alignnone size-full wp-image-20249\" srcset=\"https:\/\/ostrowskatv.pl\/wp-content\/uploads\/2022\/07\/20220725_142116-01.jpeg 1366w, https:\/\/ostrowskatv.pl\/wp-content\/uploads\/2022\/07\/20220725_142116-01-300x132.jpeg 300w, https:\/\/ostrowskatv.pl\/wp-content\/uploads\/2022\/07\/20220725_142116-01-640x282.jpeg 640w\" sizes=\"auto, (max-width: 1366px) 100vw, 1366px\" \/><\/p>\n<p><img loading=\"lazy\" decoding=\"async\" src=\"https:\/\/ostrowskatv.pl\/wp-content\/uploads\/2022\/07\/20220725_142128-01.jpeg\" alt=\"\" width=\"1365\" height=\"883\" class=\"alignnone size-full wp-image-20250\" srcset=\"https:\/\/ostrowskatv.pl\/wp-content\/uploads\/2022\/07\/20220725_142128-01.jpeg 1365w, https:\/\/ostrowskatv.pl\/wp-content\/uploads\/2022\/07\/20220725_142128-01-300x194.jpeg 300w, https:\/\/ostrowskatv.pl\/wp-content\/uploads\/2022\/07\/20220725_142128-01-557x360.jpeg 557w\" sizes=\"auto, (max-width: 1365px) 100vw, 1365px\" \/><\/p>\n<p><img loading=\"lazy\" decoding=\"async\" src=\"https:\/\/ostrowskatv.pl\/wp-content\/uploads\/2022\/07\/20220725_142135-01.jpeg\" alt=\"\" width=\"1300\" height=\"1366\" class=\"alignnone size-full wp-image-20251\" srcset=\"https:\/\/ostrowskatv.pl\/wp-content\/uploads\/2022\/07\/20220725_142135-01.jpeg 1300w, https:\/\/ostrowskatv.pl\/wp-content\/uploads\/2022\/07\/20220725_142135-01-286x300.jpeg 286w, https:\/\/ostrowskatv.pl\/wp-content\/uploads\/2022\/07\/20220725_142135-01-343x360.jpeg 343w\" sizes=\"auto, (max-width: 1300px) 100vw, 1300px\" \/><\/p>\n<p><img loading=\"lazy\" decoding=\"async\" src=\"https:\/\/ostrowskatv.pl\/wp-content\/uploads\/2022\/07\/20220725_142146-02.jpeg\" alt=\"\" width=\"1025\" height=\"1366\" class=\"alignnone size-full wp-image-20252\" srcset=\"https:\/\/ostrowskatv.pl\/wp-content\/uploads\/2022\/07\/20220725_142146-02.jpeg 1025w, https:\/\/ostrowskatv.pl\/wp-content\/uploads\/2022\/07\/20220725_142146-02-225x300.jpeg 225w, https:\/\/ostrowskatv.pl\/wp-content\/uploads\/2022\/07\/20220725_142146-02-270x360.jpeg 270w\" sizes=\"auto, (max-width: 1025px) 100vw, 1025px\" \/><\/p>\n<p><img loading=\"lazy\" decoding=\"async\" src=\"https:\/\/ostrowskatv.pl\/wp-content\/uploads\/2022\/07\/20220725_142146-01.jpeg\" alt=\"\" width=\"1025\" height=\"1366\" class=\"alignnone size-full wp-image-20253\" srcset=\"https:\/\/ostrowskatv.pl\/wp-content\/uploads\/2022\/07\/20220725_142146-01.jpeg 1025w, https:\/\/ostrowskatv.pl\/wp-content\/uploads\/2022\/07\/20220725_142146-01-225x300.jpeg 225w, https:\/\/ostrowskatv.pl\/wp-content\/uploads\/2022\/07\/20220725_142146-01-270x360.jpeg 270w\" sizes=\"auto, (max-width: 1025px) 100vw, 1025px\" \/><\/p>\n","protected":false},"excerpt":{"rendered":"Przy ulicy Wa\u0144kowicza w Ostrowie Wielkopolskim dosz\u0142o do zderzenia samochodu osobowego z rowerzyst\u0105. Na miejsce wezwano policj\u0119 i karetk\u0119 pogotowia ratunkowego. Po godzinie \n<a class=\"moretag\" href=\"https:\/\/ostrowskatv.pl\/?p=20248\"> [...]<\/a>","protected":false},"author":1,"featured_media":20249,"comment_status":"open","ping_status":"closed","sticky":false,"template":"","format":"standard","meta":{"footnotes":""},"categories":[1],"tags":[220],"class_list":["post-20248","post","type-post","status-publish","format-standard","has-post-thumbnail","hentry","category-news","tag-rower"],"_links":{"self":[{"href":"https:\/\/ostrowskatv.pl\/index.php?rest_route=\/wp\/v2\/posts\/20248","targetHints":{"allow":["GET"]}}],"collection":[{"href":"https:\/\/ostrowskatv.pl\/index.php?rest_route=\/wp\/v2\/posts"}],"about":[{"href":"https:\/\/ostrowskatv.pl\/index.php?rest_route=\/wp\/v2\/types\/post"}],"author":[{"embeddable":true,"href":"https:\/\/ostrowskatv.pl\/index.php?rest_route=\/wp\/v2\/users\/1"}],"replies":[{"embeddable":true,"href":"https:\/\/ostrowskatv.pl\/index.php?rest_route=%2Fwp%2Fv2%2Fcomments&post=20248"}],"version-history":[{"count":0,"href":"https:\/\/ostrowskatv.pl\/index.php?rest_route=\/wp\/v2\/posts\/20248\/revisions"}],"wp:featuredmedia":[{"embeddable":true,"href":"https:\/\/ostrowskatv.pl\/index.php?rest_route=\/wp\/v2\/media\/20249"}],"wp:attachment":[{"href":"https:\/\/ostrowskatv.pl\/index.php?rest_route=%2Fwp%2Fv2%2Fmedia&parent=20248"}],"wp:term":[{"taxonomy":"category","embeddable":true,"href":"https:\/\/ostrowskatv.pl\/index.php?rest_route=%2Fwp%2Fv2%2Fcategories&post=20248"},{"taxonomy":"post_tag","embeddable":true,"href":"https:\/\/ostrowskatv.pl\/index.php?rest_route=%2Fwp%2Fv2%2Ftags&post=20248"}],"curies":[{"name":"wp","href":"https:\/\/api.w.org\/{rel}","templated":true}]}}