{"id":2022,"date":"2016-08-09T18:27:56","date_gmt":"2016-08-09T17:27:56","guid":{"rendered":"http:\/\/ostrowska.tv\/?p=2022"},"modified":"2016-08-09T18:27:56","modified_gmt":"2016-08-09T17:27:56","slug":"wypadek-w-lesie-przed-szczurami","status":"publish","type":"post","link":"https:\/\/ostrowskatv.pl\/?p=2022","title":{"rendered":"Wypadek w lesie przed Szczurami"},"content":{"rendered":"<p><strong>Na trasie Franklin\u00f3w-Szczury dosz\u0142o we wtorek do gro\u017anie wygl\u0105daj\u0105cego wypadku. Zderzy\u0142y si\u0119 dwa samochody osobowe, ale na szcz\u0119\u015bcie obaj kierowcy wyszli bez obra\u017ce\u0144. Jak si\u0119 okaza\u0142o, kierowca Citroena Xsara Picasso chcia\u0142 skr\u0119ci\u0107 w lewo na parking le\u015bny. Nie zauwa\u017cy\u0142 w lusterku wyprzedzaj\u0105cego go Opla Astr\u0119. Ten ostatni po uderzeniu w lewy naro\u017cnik Citroena, polecia\u0142 do rowu, gdzie zatrzyma\u0142 si\u0119 na dachu. Kierowcy uda\u0142o si\u0119 wyj\u015b\u0107 przez otwarte okno.<\/strong><\/p>\n<div id='gallery-1' class='gallery galleryid-2022 gallery-columns-3 gallery-size-thumbnail'><figure class='gallery-item'>\n\t\t\t<div class='gallery-icon landscape'>\n\t\t\t\t<a href='https:\/\/ostrowskatv.pl\/?attachment_id=2025'><img loading=\"lazy\" decoding=\"async\" width=\"150\" height=\"150\" src=\"https:\/\/ostrowskatv.pl\/wp-content\/uploads\/2016\/08\/20160809_172424-150x150.jpg\" class=\"attachment-thumbnail size-thumbnail\" alt=\"\" \/><\/a>\n\t\t\t<\/div><\/figure><figure class='gallery-item'>\n\t\t\t<div class='gallery-icon landscape'>\n\t\t\t\t<a href='https:\/\/ostrowskatv.pl\/?attachment_id=2024'><img loading=\"lazy\" decoding=\"async\" width=\"150\" height=\"150\" src=\"https:\/\/ostrowskatv.pl\/wp-content\/uploads\/2016\/08\/20160809_153031-150x150.jpg\" class=\"attachment-thumbnail size-thumbnail\" alt=\"\" \/><\/a>\n\t\t\t<\/div><\/figure><figure class='gallery-item'>\n\t\t\t<div class='gallery-icon landscape'>\n\t\t\t\t<a href='https:\/\/ostrowskatv.pl\/?attachment_id=2023'><img loading=\"lazy\" decoding=\"async\" width=\"150\" height=\"150\" src=\"https:\/\/ostrowskatv.pl\/wp-content\/uploads\/2016\/08\/20160809_152931-150x150.jpg\" class=\"attachment-thumbnail size-thumbnail\" alt=\"\" \/><\/a>\n\t\t\t<\/div><\/figure>\n\t\t<\/div>\n\n","protected":false},"excerpt":{"rendered":"Na trasie Franklin\u00f3w-Szczury dosz\u0142o we wtorek do gro\u017anie wygl\u0105daj\u0105cego wypadku. Zderzy\u0142y si\u0119 dwa samochody osobowe, ale na szcz\u0119\u015bcie obaj kierowcy wyszli bez obra\u017ce\u0144. \n<a class=\"moretag\" href=\"https:\/\/ostrowskatv.pl\/?p=2022\"> [...]<\/a>","protected":false},"author":1,"featured_media":2023,"comment_status":"open","ping_status":"open","sticky":false,"template":"","format":"standard","meta":{"footnotes":""},"categories":[1],"tags":[95],"class_list":["post-2022","post","type-post","status-publish","format-standard","has-post-thumbnail","hentry","category-news","tag-szczury"],"_links":{"self":[{"href":"https:\/\/ostrowskatv.pl\/index.php?rest_route=\/wp\/v2\/posts\/2022","targetHints":{"allow":["GET"]}}],"collection":[{"href":"https:\/\/ostrowskatv.pl\/index.php?rest_route=\/wp\/v2\/posts"}],"about":[{"href":"https:\/\/ostrowskatv.pl\/index.php?rest_route=\/wp\/v2\/types\/post"}],"author":[{"embeddable":true,"href":"https:\/\/ostrowskatv.pl\/index.php?rest_route=\/wp\/v2\/users\/1"}],"replies":[{"embeddable":true,"href":"https:\/\/ostrowskatv.pl\/index.php?rest_route=%2Fwp%2Fv2%2Fcomments&post=2022"}],"version-history":[{"count":0,"href":"https:\/\/ostrowskatv.pl\/index.php?rest_route=\/wp\/v2\/posts\/2022\/revisions"}],"wp:featuredmedia":[{"embeddable":true,"href":"https:\/\/ostrowskatv.pl\/index.php?rest_route=\/wp\/v2\/media\/2023"}],"wp:attachment":[{"href":"https:\/\/ostrowskatv.pl\/index.php?rest_route=%2Fwp%2Fv2%2Fmedia&parent=2022"}],"wp:term":[{"taxonomy":"category","embeddable":true,"href":"https:\/\/ostrowskatv.pl\/index.php?rest_route=%2Fwp%2Fv2%2Fcategories&post=2022"},{"taxonomy":"post_tag","embeddable":true,"href":"https:\/\/ostrowskatv.pl\/index.php?rest_route=%2Fwp%2Fv2%2Ftags&post=2022"}],"curies":[{"name":"wp","href":"https:\/\/api.w.org\/{rel}","templated":true}]}}