{"id":20205,"date":"2022-07-22T19:07:57","date_gmt":"2022-07-22T18:07:57","guid":{"rendered":"https:\/\/ostrowskatv.pl\/?p=20205"},"modified":"2022-07-22T19:07:57","modified_gmt":"2022-07-22T18:07:57","slug":"zderzenie-audi-i-opla-dziecku-udzielono-pomocy-medycznej","status":"publish","type":"post","link":"https:\/\/ostrowskatv.pl\/?p=20205","title":{"rendered":"Zderzenie audi i opla. Dziecku udzielono pomocy medycznej"},"content":{"rendered":"<p><strong>Przed godzin\u0105 16 dosz\u0142o do zderzenia dw\u00f3ch aut osobowych na skrzy\u017cowaniu ulic Kaliskiej i Limanowskiego w Ostrowie Wielkopolskim. Z ustale\u0144 wynika, \u017ce oko\u0142o 30-letni kierowca audi jecha\u0142 ulic\u0105 Kalisk\u0105 i chcia\u0142 skr\u0119ci\u0107 w lewo w Pi\u0142sudskiego. Widok z przodu zas\u0142oni\u0142 mu poprzedzaj\u0105cy go bus. Kiedy skr\u0119ci\u0142 zobaczy\u0142, \u017ce z przeciwka jedzie opel.<\/strong><\/p>\n<p>Audi podr\u00f3\u017cowa\u0142a jeszcze kobieta z dzieckiem. Maluch wystraszy\u0142 si\u0119 i na wszelki wypadek wezwano pogotowie ratunkowe. Medycy nie stwierdzili \u017cadnych obra\u017ce\u0144 u dziecka.<\/p>\n<p>Pomocni okazali si\u0119 stra\u017cacy z powodu rozsypanych element\u00f3w z uszkodzonych aut.<\/p>\n<p><img loading=\"lazy\" decoding=\"async\" src=\"https:\/\/ostrowskatv.pl\/wp-content\/uploads\/2022\/07\/20220722_160620-01.jpeg\" alt=\"\" width=\"1366\" height=\"756\" class=\"alignnone size-full wp-image-20208\" srcset=\"https:\/\/ostrowskatv.pl\/wp-content\/uploads\/2022\/07\/20220722_160620-01.jpeg 1366w, https:\/\/ostrowskatv.pl\/wp-content\/uploads\/2022\/07\/20220722_160620-01-300x166.jpeg 300w, https:\/\/ostrowskatv.pl\/wp-content\/uploads\/2022\/07\/20220722_160620-01-640x354.jpeg 640w\" sizes=\"auto, (max-width: 1366px) 100vw, 1366px\" \/><\/p>\n<p><img loading=\"lazy\" decoding=\"async\" src=\"https:\/\/ostrowskatv.pl\/wp-content\/uploads\/2022\/07\/20220722_155305-01.jpeg\" alt=\"\" width=\"1366\" height=\"1025\" class=\"alignnone size-full wp-image-20209\" srcset=\"https:\/\/ostrowskatv.pl\/wp-content\/uploads\/2022\/07\/20220722_155305-01.jpeg 1366w, https:\/\/ostrowskatv.pl\/wp-content\/uploads\/2022\/07\/20220722_155305-01-300x225.jpeg 300w, https:\/\/ostrowskatv.pl\/wp-content\/uploads\/2022\/07\/20220722_155305-01-480x360.jpeg 480w\" sizes=\"auto, (max-width: 1366px) 100vw, 1366px\" \/><\/p>\n<p><img loading=\"lazy\" decoding=\"async\" src=\"https:\/\/ostrowskatv.pl\/wp-content\/uploads\/2022\/07\/20220722_155725-01.jpeg\" alt=\"\" width=\"1366\" height=\"726\" class=\"alignnone size-full wp-image-20210\" srcset=\"https:\/\/ostrowskatv.pl\/wp-content\/uploads\/2022\/07\/20220722_155725-01.jpeg 1366w, https:\/\/ostrowskatv.pl\/wp-content\/uploads\/2022\/07\/20220722_155725-01-300x159.jpeg 300w, https:\/\/ostrowskatv.pl\/wp-content\/uploads\/2022\/07\/20220722_155725-01-640x340.jpeg 640w\" sizes=\"auto, (max-width: 1366px) 100vw, 1366px\" \/><\/p>\n<p><img loading=\"lazy\" decoding=\"async\" src=\"https:\/\/ostrowskatv.pl\/wp-content\/uploads\/2022\/07\/20220722_160107-01.jpeg\" alt=\"\" width=\"1366\" height=\"817\" class=\"alignnone size-full wp-image-20211\" srcset=\"https:\/\/ostrowskatv.pl\/wp-content\/uploads\/2022\/07\/20220722_160107-01.jpeg 1366w, https:\/\/ostrowskatv.pl\/wp-content\/uploads\/2022\/07\/20220722_160107-01-300x179.jpeg 300w, https:\/\/ostrowskatv.pl\/wp-content\/uploads\/2022\/07\/20220722_160107-01-602x360.jpeg 602w\" sizes=\"auto, (max-width: 1366px) 100vw, 1366px\" \/><\/p>\n<p><img loading=\"lazy\" decoding=\"async\" src=\"https:\/\/ostrowskatv.pl\/wp-content\/uploads\/2022\/07\/20220722_160109-01.jpeg\" alt=\"\" width=\"1366\" height=\"1025\" class=\"alignnone size-full wp-image-20212\" srcset=\"https:\/\/ostrowskatv.pl\/wp-content\/uploads\/2022\/07\/20220722_160109-01.jpeg 1366w, https:\/\/ostrowskatv.pl\/wp-content\/uploads\/2022\/07\/20220722_160109-01-300x225.jpeg 300w, https:\/\/ostrowskatv.pl\/wp-content\/uploads\/2022\/07\/20220722_160109-01-480x360.jpeg 480w\" sizes=\"auto, (max-width: 1366px) 100vw, 1366px\" \/><\/p>\n","protected":false},"excerpt":{"rendered":"Przed godzin\u0105 16 dosz\u0142o do zderzenia dw\u00f3ch aut osobowych na skrzy\u017cowaniu ulic Kaliskiej i Limanowskiego w Ostrowie Wielkopolskim. Z ustale\u0144 wynika, \u017ce oko\u0142o \n<a class=\"moretag\" href=\"https:\/\/ostrowskatv.pl\/?p=20205\"> [...]<\/a>","protected":false},"author":1,"featured_media":20208,"comment_status":"open","ping_status":"closed","sticky":false,"template":"","format":"standard","meta":{"footnotes":""},"categories":[1],"tags":[48],"class_list":["post-20205","post","type-post","status-publish","format-standard","has-post-thumbnail","hentry","category-news","tag-kolizja"],"_links":{"self":[{"href":"https:\/\/ostrowskatv.pl\/index.php?rest_route=\/wp\/v2\/posts\/20205","targetHints":{"allow":["GET"]}}],"collection":[{"href":"https:\/\/ostrowskatv.pl\/index.php?rest_route=\/wp\/v2\/posts"}],"about":[{"href":"https:\/\/ostrowskatv.pl\/index.php?rest_route=\/wp\/v2\/types\/post"}],"author":[{"embeddable":true,"href":"https:\/\/ostrowskatv.pl\/index.php?rest_route=\/wp\/v2\/users\/1"}],"replies":[{"embeddable":true,"href":"https:\/\/ostrowskatv.pl\/index.php?rest_route=%2Fwp%2Fv2%2Fcomments&post=20205"}],"version-history":[{"count":0,"href":"https:\/\/ostrowskatv.pl\/index.php?rest_route=\/wp\/v2\/posts\/20205\/revisions"}],"wp:featuredmedia":[{"embeddable":true,"href":"https:\/\/ostrowskatv.pl\/index.php?rest_route=\/wp\/v2\/media\/20208"}],"wp:attachment":[{"href":"https:\/\/ostrowskatv.pl\/index.php?rest_route=%2Fwp%2Fv2%2Fmedia&parent=20205"}],"wp:term":[{"taxonomy":"category","embeddable":true,"href":"https:\/\/ostrowskatv.pl\/index.php?rest_route=%2Fwp%2Fv2%2Fcategories&post=20205"},{"taxonomy":"post_tag","embeddable":true,"href":"https:\/\/ostrowskatv.pl\/index.php?rest_route=%2Fwp%2Fv2%2Ftags&post=20205"}],"curies":[{"name":"wp","href":"https:\/\/api.w.org\/{rel}","templated":true}]}}