{"id":2018,"date":"2016-08-09T17:30:06","date_gmt":"2016-08-09T16:30:06","guid":{"rendered":"http:\/\/ostrowska.tv\/?p=2018"},"modified":"2016-08-09T18:15:56","modified_gmt":"2016-08-09T17:15:56","slug":"3-osoby-porazone-pradem","status":"publish","type":"post","link":"https:\/\/ostrowskatv.pl\/?p=2018","title":{"rendered":"3 osoby pora\u017cone pr\u0105dem"},"content":{"rendered":"<p><strong>Trzy osoby zosta\u0142y pora\u017cone pr\u0105dem w czasie prac polowych na jednym z p\u00f3l w Ga\u0142\u0105zkach Wielkich (powiat ostrowski). Wypadek mia\u0142 miejsce na polu, z kt\u00f3rego zbierano ziemniaki czerwone. Oko\u0142o 30-letni operator maszyny rolniczej siedz\u0105c przy sterownikach do obs\u0142ugi kombajnu, nie widzia\u0142, \u017ce zatrzyma\u0142 si\u0119 tu\u017c pod linkami \u015bredniego napi\u0119cia. Podnosz\u0105c jeden z element\u00f3w maszyny w g\u00f3r\u0119 w celu wy\u0142adowania warzyw do ci\u0119\u017car\u00f3wki, dosz\u0142o do pora\u017cenia pr\u0105dem trzech os\u00f3b. <\/strong><\/p>\n<p>Napi\u0119cie o mocy 15 tysi\u0119cy Volt porazi\u0142o kobiet\u0119, kt\u00f3ra akurat schodzi\u0142a z kombajnu. Spad\u0142a z wysoko\u015bci 1,5 metra doznaj\u0105c og\u00f3lnych pot\u0142ucze\u0144. Jednak najpowa\u017cniejsze obra\u017cenia by\u0142y spowodowane p\u0142yn\u0105cym pr\u0105dem. Kobieta mia\u0142a dozna\u0107 powa\u017cnych obra\u017ce\u0144 st\u00f3p i jednej r\u0119ki. Poszkodowana przebywa w kaliskim szpitalu na oddziale chirurgicznym.<\/p>\n<p>Dw\u00f3ch poszkodowanych przewieziono do ostrowskiego szpitala. Stan 20-latka jest zadowalaj\u0105cy. Najprawdopodobniej po kr\u00f3tkiej obserwacji zostanie wypuszczony do domu. W troch\u0119 gorszym stanie jest 13-latek, kt\u00f3ry trafi\u0142 na pododdzia\u0142 oparze\u0144 dzieci w naszym szpitalu. Z jego relacji wynika\u0142o, \u017ce si\u0142a pr\u0105du wr\u0119cz go odrzuci\u0142a od maszyny.<\/p>\n<p>Kierowca kombajnu m\u00f3wi\u0142 nam, \u017ce gdyby widzia\u0142 linki energetyczne, to by do wypadku nie dosz\u0142o. Zdarzenie by\u0142o nieszcz\u0119\u015bliwym wypadkiem. Pracownicy zak\u0142adu ENERGA dokonywali pomiar\u00f3w. Wst\u0119pne wyniki dokonane urz\u0105dzeniem elektronicznym wykaza\u0142y, \u017ce linka by\u0142a na wysoko\u015bci 5,55 metra, czyli oko\u0142o 5 centymetr\u00f3w ni\u017cej ni\u017c przewiduj\u0105 przepisy. Pracownicy zastrzegli jednak, \u017ce najbardziej wiarygodny pomiar zostanie dokonany w chwili odci\u0105gni\u0119cia maszyny rolniczej z miejsca wypadku i przy zastosowaniu podno\u015bnika koszowego.<\/p>\n","protected":false},"excerpt":{"rendered":"Trzy osoby zosta\u0142y pora\u017cone pr\u0105dem w czasie prac polowych na jednym z p\u00f3l w Ga\u0142\u0105zkach Wielkich (powiat ostrowski). Wypadek mia\u0142 miejsce na polu, \n<a class=\"moretag\" href=\"https:\/\/ostrowskatv.pl\/?p=2018\"> [...]<\/a>","protected":false},"author":1,"featured_media":2021,"comment_status":"open","ping_status":"open","sticky":false,"template":"","format":"standard","meta":{"footnotes":""},"categories":[1],"tags":[97],"class_list":["post-2018","post","type-post","status-publish","format-standard","has-post-thumbnail","hentry","category-news","tag-galazki-wielkie"],"_links":{"self":[{"href":"https:\/\/ostrowskatv.pl\/index.php?rest_route=\/wp\/v2\/posts\/2018","targetHints":{"allow":["GET"]}}],"collection":[{"href":"https:\/\/ostrowskatv.pl\/index.php?rest_route=\/wp\/v2\/posts"}],"about":[{"href":"https:\/\/ostrowskatv.pl\/index.php?rest_route=\/wp\/v2\/types\/post"}],"author":[{"embeddable":true,"href":"https:\/\/ostrowskatv.pl\/index.php?rest_route=\/wp\/v2\/users\/1"}],"replies":[{"embeddable":true,"href":"https:\/\/ostrowskatv.pl\/index.php?rest_route=%2Fwp%2Fv2%2Fcomments&post=2018"}],"version-history":[{"count":0,"href":"https:\/\/ostrowskatv.pl\/index.php?rest_route=\/wp\/v2\/posts\/2018\/revisions"}],"wp:featuredmedia":[{"embeddable":true,"href":"https:\/\/ostrowskatv.pl\/index.php?rest_route=\/wp\/v2\/media\/2021"}],"wp:attachment":[{"href":"https:\/\/ostrowskatv.pl\/index.php?rest_route=%2Fwp%2Fv2%2Fmedia&parent=2018"}],"wp:term":[{"taxonomy":"category","embeddable":true,"href":"https:\/\/ostrowskatv.pl\/index.php?rest_route=%2Fwp%2Fv2%2Fcategories&post=2018"},{"taxonomy":"post_tag","embeddable":true,"href":"https:\/\/ostrowskatv.pl\/index.php?rest_route=%2Fwp%2Fv2%2Ftags&post=2018"}],"curies":[{"name":"wp","href":"https:\/\/api.w.org\/{rel}","templated":true}]}}