{"id":20177,"date":"2022-07-21T17:30:32","date_gmt":"2022-07-21T16:30:32","guid":{"rendered":"https:\/\/ostrowskatv.pl\/?p=20177"},"modified":"2022-07-21T17:30:32","modified_gmt":"2022-07-21T16:30:32","slug":"12-latka-na-hulajnodze-w-sluchawkach-trafila-do-szpitala","status":"publish","type":"post","link":"https:\/\/ostrowskatv.pl\/?p=20177","title":{"rendered":"12-latka na hulajnodze w s\u0142uchawkach trafi\u0142a do szpitala"},"content":{"rendered":"<p><strong>12-latka jad\u0105ca hulajnog\u0105 po chodniku mia\u0142a za\u0142o\u017cone s\u0142uchawki, ale nie posiada\u0142a kasku ochronnego. Z posesji wyje\u017cd\u017ca\u0142a kobieta w peugocie.<\/strong><\/p>\n<p>Dziewczynka na hulajnodze prze\u015blizgn\u0119\u0142a si\u0119 po przednim zderzaku osob\u00f3wki, po czym przewr\u00f3ci\u0142a si\u0119. Na g\u0142owie wyszed\u0142 jej guz\/krwiak. Zosta\u0142a zabrana do pobliskiego szpitala. Kolizja mia\u0142a miejsce na ulicy Mickiewicza w Ostrowie Wielkopolskim.<\/p>\n<p>Najprawdopodobniej zostanie uznana wina kieruj\u0105cej autem, kt\u00f3ra nie ust\u0105pi\u0142a pierwsze\u0144stwa innym uczestnikom ruchu.<\/p>\n<p><img loading=\"lazy\" decoding=\"async\" class=\"alignnone size-full wp-image-20178\" src=\"https:\/\/ostrowskatv.pl\/wp-content\/uploads\/2022\/07\/20220721_171731-02.jpeg\" alt=\"\" width=\"1366\" height=\"887\" srcset=\"https:\/\/ostrowskatv.pl\/wp-content\/uploads\/2022\/07\/20220721_171731-02.jpeg 1366w, https:\/\/ostrowskatv.pl\/wp-content\/uploads\/2022\/07\/20220721_171731-02-300x195.jpeg 300w, https:\/\/ostrowskatv.pl\/wp-content\/uploads\/2022\/07\/20220721_171731-02-554x360.jpeg 554w\" sizes=\"auto, (max-width: 1366px) 100vw, 1366px\" \/><\/p>\n<p><img loading=\"lazy\" decoding=\"async\" class=\"alignnone size-full wp-image-20179\" src=\"https:\/\/ostrowskatv.pl\/wp-content\/uploads\/2022\/07\/20220721_171742-02.jpeg\" alt=\"\" width=\"1366\" height=\"809\" srcset=\"https:\/\/ostrowskatv.pl\/wp-content\/uploads\/2022\/07\/20220721_171742-02.jpeg 1366w, https:\/\/ostrowskatv.pl\/wp-content\/uploads\/2022\/07\/20220721_171742-02-300x178.jpeg 300w, https:\/\/ostrowskatv.pl\/wp-content\/uploads\/2022\/07\/20220721_171742-02-608x360.jpeg 608w\" sizes=\"auto, (max-width: 1366px) 100vw, 1366px\" \/><\/p>\n<p><img loading=\"lazy\" decoding=\"async\" class=\"alignnone size-full wp-image-20180\" src=\"https:\/\/ostrowskatv.pl\/wp-content\/uploads\/2022\/07\/20220721_171751-01.jpeg\" alt=\"\" width=\"1366\" height=\"1025\" srcset=\"https:\/\/ostrowskatv.pl\/wp-content\/uploads\/2022\/07\/20220721_171751-01.jpeg 1366w, https:\/\/ostrowskatv.pl\/wp-content\/uploads\/2022\/07\/20220721_171751-01-300x225.jpeg 300w, https:\/\/ostrowskatv.pl\/wp-content\/uploads\/2022\/07\/20220721_171751-01-480x360.jpeg 480w\" sizes=\"auto, (max-width: 1366px) 100vw, 1366px\" \/><\/p>\n<p><img loading=\"lazy\" decoding=\"async\" class=\"alignnone size-full wp-image-20181\" src=\"https:\/\/ostrowskatv.pl\/wp-content\/uploads\/2022\/07\/20220721_171757-01.jpeg\" alt=\"\" width=\"1366\" height=\"832\" srcset=\"https:\/\/ostrowskatv.pl\/wp-content\/uploads\/2022\/07\/20220721_171757-01.jpeg 1366w, https:\/\/ostrowskatv.pl\/wp-content\/uploads\/2022\/07\/20220721_171757-01-300x183.jpeg 300w, https:\/\/ostrowskatv.pl\/wp-content\/uploads\/2022\/07\/20220721_171757-01-591x360.jpeg 591w\" sizes=\"auto, (max-width: 1366px) 100vw, 1366px\" \/><\/p>\n<p><img loading=\"lazy\" decoding=\"async\" class=\"alignnone size-full wp-image-20182\" src=\"https:\/\/ostrowskatv.pl\/wp-content\/uploads\/2022\/07\/20220721_171806-01.jpeg\" alt=\"\" width=\"1366\" height=\"999\" srcset=\"https:\/\/ostrowskatv.pl\/wp-content\/uploads\/2022\/07\/20220721_171806-01.jpeg 1366w, https:\/\/ostrowskatv.pl\/wp-content\/uploads\/2022\/07\/20220721_171806-01-300x219.jpeg 300w, https:\/\/ostrowskatv.pl\/wp-content\/uploads\/2022\/07\/20220721_171806-01-492x360.jpeg 492w\" sizes=\"auto, (max-width: 1366px) 100vw, 1366px\" \/><\/p>\n<p>&nbsp;<\/p>\n<p>&nbsp;<\/p>\n<p><img loading=\"lazy\" decoding=\"async\" class=\"alignnone size-full wp-image-20185\" src=\"https:\/\/ostrowskatv.pl\/wp-content\/uploads\/2022\/07\/20220721_171849-01.jpeg\" alt=\"\" width=\"1366\" height=\"930\" srcset=\"https:\/\/ostrowskatv.pl\/wp-content\/uploads\/2022\/07\/20220721_171849-01.jpeg 1366w, https:\/\/ostrowskatv.pl\/wp-content\/uploads\/2022\/07\/20220721_171849-01-300x204.jpeg 300w, https:\/\/ostrowskatv.pl\/wp-content\/uploads\/2022\/07\/20220721_171849-01-529x360.jpeg 529w\" sizes=\"auto, (max-width: 1366px) 100vw, 1366px\" \/><\/p>\n","protected":false},"excerpt":{"rendered":"12-latka jad\u0105ca hulajnog\u0105 po chodniku mia\u0142a za\u0142o\u017cone s\u0142uchawki, ale nie posiada\u0142a kasku ochronnego. Z posesji wyje\u017cd\u017ca\u0142a kobieta w peugocie. Dziewczynka na hulajnodze prze\u015blizgn\u0119\u0142a \n<a class=\"moretag\" href=\"https:\/\/ostrowskatv.pl\/?p=20177\"> [...]<\/a>","protected":false},"author":1,"featured_media":20182,"comment_status":"open","ping_status":"closed","sticky":false,"template":"","format":"standard","meta":{"footnotes":""},"categories":[1],"tags":[244],"class_list":["post-20177","post","type-post","status-publish","format-standard","has-post-thumbnail","hentry","category-news","tag-hulajnoga"],"_links":{"self":[{"href":"https:\/\/ostrowskatv.pl\/index.php?rest_route=\/wp\/v2\/posts\/20177","targetHints":{"allow":["GET"]}}],"collection":[{"href":"https:\/\/ostrowskatv.pl\/index.php?rest_route=\/wp\/v2\/posts"}],"about":[{"href":"https:\/\/ostrowskatv.pl\/index.php?rest_route=\/wp\/v2\/types\/post"}],"author":[{"embeddable":true,"href":"https:\/\/ostrowskatv.pl\/index.php?rest_route=\/wp\/v2\/users\/1"}],"replies":[{"embeddable":true,"href":"https:\/\/ostrowskatv.pl\/index.php?rest_route=%2Fwp%2Fv2%2Fcomments&post=20177"}],"version-history":[{"count":0,"href":"https:\/\/ostrowskatv.pl\/index.php?rest_route=\/wp\/v2\/posts\/20177\/revisions"}],"wp:featuredmedia":[{"embeddable":true,"href":"https:\/\/ostrowskatv.pl\/index.php?rest_route=\/wp\/v2\/media\/20182"}],"wp:attachment":[{"href":"https:\/\/ostrowskatv.pl\/index.php?rest_route=%2Fwp%2Fv2%2Fmedia&parent=20177"}],"wp:term":[{"taxonomy":"category","embeddable":true,"href":"https:\/\/ostrowskatv.pl\/index.php?rest_route=%2Fwp%2Fv2%2Fcategories&post=20177"},{"taxonomy":"post_tag","embeddable":true,"href":"https:\/\/ostrowskatv.pl\/index.php?rest_route=%2Fwp%2Fv2%2Ftags&post=20177"}],"curies":[{"name":"wp","href":"https:\/\/api.w.org\/{rel}","templated":true}]}}