{"id":20171,"date":"2022-07-21T17:15:10","date_gmt":"2022-07-21T16:15:10","guid":{"rendered":"https:\/\/ostrowskatv.pl\/?p=20171"},"modified":"2022-07-21T18:20:08","modified_gmt":"2022-07-21T17:20:08","slug":"rowerzysci-wpadli-na-siebie-kolo-stadionu","status":"publish","type":"post","link":"https:\/\/ostrowskatv.pl\/?p=20171","title":{"rendered":"Kolizja rowerzyst\u00f3w ko\u0142o stadionu (aktualizacja)"},"content":{"rendered":"<p><strong>Na \u015bcie\u017cce rowerowej przy ulicy Paderewskiego w Ostrowie Wielkopolskim dosz\u0142o do kolizji rowerzyst\u00f3w. Oboje doje\u017cd\u017cali do skrzy\u017cowania z alej\u0105 Powsta\u0144c\u00f3w Wielkopolskich. Nagle jeden najecha\u0142 na drugiego.<\/strong><\/p>\n<p>Pierwsza jecha\u0142a rowerzystka, kt\u00f3r\u0105 postanowi\u0142 wyprzedzi\u0107 znacznie m\u0142odszy m\u0119\u017cczyzna. Oboje upadli i doznali otar\u0107 sk\u00f3ry. Kobieta relacjonowa\u0142a, \u017ce m\u0142odzieniec nawet nie poczuwa\u0142 si\u0119, \u017ceby j\u0105 przeprosi\u0107, tylko mia\u0142 du\u017ce pretensje.<\/p>\n<p>Poniewa\u017c oboje nie mogli doj\u015b\u0107 do porozumienia, postanowiono wezwa\u0107 policj\u0119.<\/p>\n<p>Funkcjonariusze ustalili, \u017ce 35-latek podczas wyprzedzania z prawej strony zosta\u0142 zaskoczony manewrem wykonywanym przez 62-latk\u0119. Ta nagle skr\u0119ci\u0142a w prawo. Policjanci z drog\u00f3wki uznali wsp\u00f3\u0142win\u0119 i pouczyli uczestnik\u00f3w kolizji.<\/p>\n<p><img loading=\"lazy\" decoding=\"async\" class=\"alignnone size-full wp-image-20172\" src=\"https:\/\/ostrowskatv.pl\/wp-content\/uploads\/2022\/07\/20220721_170628-01.jpeg\" alt=\"\" width=\"1366\" height=\"731\" srcset=\"https:\/\/ostrowskatv.pl\/wp-content\/uploads\/2022\/07\/20220721_170628-01.jpeg 1366w, https:\/\/ostrowskatv.pl\/wp-content\/uploads\/2022\/07\/20220721_170628-01-300x161.jpeg 300w, https:\/\/ostrowskatv.pl\/wp-content\/uploads\/2022\/07\/20220721_170628-01-640x342.jpeg 640w\" sizes=\"auto, (max-width: 1366px) 100vw, 1366px\" \/><\/p>\n<p><img loading=\"lazy\" decoding=\"async\" class=\"alignnone size-full wp-image-20173\" src=\"https:\/\/ostrowskatv.pl\/wp-content\/uploads\/2022\/07\/20220721_170650-01.jpeg\" alt=\"\" width=\"1366\" height=\"926\" srcset=\"https:\/\/ostrowskatv.pl\/wp-content\/uploads\/2022\/07\/20220721_170650-01.jpeg 1366w, https:\/\/ostrowskatv.pl\/wp-content\/uploads\/2022\/07\/20220721_170650-01-300x203.jpeg 300w, https:\/\/ostrowskatv.pl\/wp-content\/uploads\/2022\/07\/20220721_170650-01-531x360.jpeg 531w\" sizes=\"auto, (max-width: 1366px) 100vw, 1366px\" \/><\/p>\n","protected":false},"excerpt":{"rendered":"Na \u015bcie\u017cce rowerowej przy ulicy Paderewskiego w Ostrowie Wielkopolskim dosz\u0142o do kolizji rowerzyst\u00f3w. Oboje doje\u017cd\u017cali do skrzy\u017cowania z alej\u0105 Powsta\u0144c\u00f3w Wielkopolskich. Nagle jeden \n<a class=\"moretag\" href=\"https:\/\/ostrowskatv.pl\/?p=20171\"> [...]<\/a>","protected":false},"author":1,"featured_media":20173,"comment_status":"open","ping_status":"closed","sticky":false,"template":"","format":"standard","meta":{"footnotes":""},"categories":[1],"tags":[220],"class_list":["post-20171","post","type-post","status-publish","format-standard","has-post-thumbnail","hentry","category-news","tag-rower"],"_links":{"self":[{"href":"https:\/\/ostrowskatv.pl\/index.php?rest_route=\/wp\/v2\/posts\/20171","targetHints":{"allow":["GET"]}}],"collection":[{"href":"https:\/\/ostrowskatv.pl\/index.php?rest_route=\/wp\/v2\/posts"}],"about":[{"href":"https:\/\/ostrowskatv.pl\/index.php?rest_route=\/wp\/v2\/types\/post"}],"author":[{"embeddable":true,"href":"https:\/\/ostrowskatv.pl\/index.php?rest_route=\/wp\/v2\/users\/1"}],"replies":[{"embeddable":true,"href":"https:\/\/ostrowskatv.pl\/index.php?rest_route=%2Fwp%2Fv2%2Fcomments&post=20171"}],"version-history":[{"count":0,"href":"https:\/\/ostrowskatv.pl\/index.php?rest_route=\/wp\/v2\/posts\/20171\/revisions"}],"wp:featuredmedia":[{"embeddable":true,"href":"https:\/\/ostrowskatv.pl\/index.php?rest_route=\/wp\/v2\/media\/20173"}],"wp:attachment":[{"href":"https:\/\/ostrowskatv.pl\/index.php?rest_route=%2Fwp%2Fv2%2Fmedia&parent=20171"}],"wp:term":[{"taxonomy":"category","embeddable":true,"href":"https:\/\/ostrowskatv.pl\/index.php?rest_route=%2Fwp%2Fv2%2Fcategories&post=20171"},{"taxonomy":"post_tag","embeddable":true,"href":"https:\/\/ostrowskatv.pl\/index.php?rest_route=%2Fwp%2Fv2%2Ftags&post=20171"}],"curies":[{"name":"wp","href":"https:\/\/api.w.org\/{rel}","templated":true}]}}