{"id":20168,"date":"2022-07-19T11:38:04","date_gmt":"2022-07-19T10:38:04","guid":{"rendered":"https:\/\/ostrowskatv.pl\/?p=20168"},"modified":"2022-07-19T11:38:04","modified_gmt":"2022-07-19T10:38:04","slug":"nie-zyje-kobieta-zmarla-na-komendzie-policji","status":"publish","type":"post","link":"https:\/\/ostrowskatv.pl\/?p=20168","title":{"rendered":"Nie \u017cyje kobieta. Zmar\u0142a na komendzie policji"},"content":{"rendered":"<p><strong>Do niespodziewanej \u015bmierci dosz\u0142o podczas przebywania na terenie komendy policji w Ostrowie Wielkopolskim. 50-letnia mieszkanka powiatu ostrowskiego trafi\u0142a tam po zatrzymaniu przez funkcjonariuszy. Powodem zatrzymania by\u0142o kierowanie autem pod wp\u0142ywem alkoholu.<\/strong><\/p>\n<p>Pracownik Policyjnej Izby Zatrzyma\u0144 zauwa\u017cy\u0142 o 2.30 w nocy, \u017ce jedna z osadzonych os\u00f3b nie daje oznak \u017cycia. Wsp\u00f3lnie z zast\u0119pc\u0105 dy\u017curnego rozpocz\u0119li reanimacj\u0119. Do akcji do\u0142\u0105czy\u0142a za\u0142oga karetki pogotowia, ale kobiecie nie uda\u0142o si\u0119 przywr\u00f3ci\u0107 funkcji \u017cyciowych.<\/p>\n<p>Zar\u00f3wno w pomieszczeniu jak i na korytarzu znajdowa\u0142 si\u0119 system monitoringu, kt\u00f3ry w chwili zdarzenia dzia\u0142a\u0142. Praca policji by\u0142a nadzorowana przez lokalnego prokuratora. Wst\u0119pny przebieg zdarzenia wyklucza udzia\u0142 os\u00f3b trzecich.<\/p>\n<p>Nieoficjalnie wiemy, \u017ce kobieta mia\u0142a uraz g\u0142owy, ale ten m\u00f3g\u0142 pochodzi\u0107 od upadku.<\/p>\n","protected":false},"excerpt":{"rendered":"Do niespodziewanej \u015bmierci dosz\u0142o podczas przebywania na terenie komendy policji w Ostrowie Wielkopolskim. 50-letnia mieszkanka powiatu ostrowskiego trafi\u0142a tam po zatrzymaniu przez funkcjonariuszy. \n<a class=\"moretag\" href=\"https:\/\/ostrowskatv.pl\/?p=20168\"> [...]<\/a>","protected":false},"author":1,"featured_media":20169,"comment_status":"open","ping_status":"closed","sticky":false,"template":"","format":"standard","meta":{"footnotes":""},"categories":[1],"tags":[2],"class_list":["post-20168","post","type-post","status-publish","format-standard","has-post-thumbnail","hentry","category-news","tag-ostrow-wielkopolski"],"_links":{"self":[{"href":"https:\/\/ostrowskatv.pl\/index.php?rest_route=\/wp\/v2\/posts\/20168","targetHints":{"allow":["GET"]}}],"collection":[{"href":"https:\/\/ostrowskatv.pl\/index.php?rest_route=\/wp\/v2\/posts"}],"about":[{"href":"https:\/\/ostrowskatv.pl\/index.php?rest_route=\/wp\/v2\/types\/post"}],"author":[{"embeddable":true,"href":"https:\/\/ostrowskatv.pl\/index.php?rest_route=\/wp\/v2\/users\/1"}],"replies":[{"embeddable":true,"href":"https:\/\/ostrowskatv.pl\/index.php?rest_route=%2Fwp%2Fv2%2Fcomments&post=20168"}],"version-history":[{"count":0,"href":"https:\/\/ostrowskatv.pl\/index.php?rest_route=\/wp\/v2\/posts\/20168\/revisions"}],"wp:featuredmedia":[{"embeddable":true,"href":"https:\/\/ostrowskatv.pl\/index.php?rest_route=\/wp\/v2\/media\/20169"}],"wp:attachment":[{"href":"https:\/\/ostrowskatv.pl\/index.php?rest_route=%2Fwp%2Fv2%2Fmedia&parent=20168"}],"wp:term":[{"taxonomy":"category","embeddable":true,"href":"https:\/\/ostrowskatv.pl\/index.php?rest_route=%2Fwp%2Fv2%2Fcategories&post=20168"},{"taxonomy":"post_tag","embeddable":true,"href":"https:\/\/ostrowskatv.pl\/index.php?rest_route=%2Fwp%2Fv2%2Ftags&post=20168"}],"curies":[{"name":"wp","href":"https:\/\/api.w.org\/{rel}","templated":true}]}}