{"id":20124,"date":"2022-07-12T20:00:27","date_gmt":"2022-07-12T19:00:27","guid":{"rendered":"https:\/\/ostrowskatv.pl\/?p=20124"},"modified":"2022-07-12T20:08:01","modified_gmt":"2022-07-12T19:08:01","slug":"nie-wiedzial-czy-sie-smiac-czy-plakac-po-wyroku-chodzi-o-teczowa-maseczke","status":"publish","type":"post","link":"https:\/\/ostrowskatv.pl\/?p=20124","title":{"rendered":"Nie wiedzia\u0142 czy si\u0119 \u015bmia\u0107 czy p\u0142aka\u0107 po wyroku. Chodzi o t\u0119czow\u0105 maseczk\u0119"},"content":{"rendered":"<p><strong>Powracamy do sprawy ataku za t\u0119czow\u0105 maseczk\u0119. W grudniu 2020 roku na ulicy Raszkowskiej w Ostrowie Wlkp. dosz\u0142o do zaatakowania Jakuba Kurzajka z powodu t\u0119czowej maseczki, kt\u00f3r\u0105 mia\u0142 za\u0142o\u017con\u0105 na twarz. Nieznani w\u00f3wczas sprawcy podbiegli, zacz\u0119li go popycha\u0107 i jeden z nich wyszarpa\u0142 maseczk\u0119. Teraz zapad\u0142 wyrok.<\/strong><\/p>\n<p>W S\u0105dzie Rejonowym w Ostrowie Wlkp. w Wydziale Rodzinnym i Nieletnich zapad\u0142 wyrok po us\u0142yszeniu kt\u00f3rego pokrzywdzony nie wiedzia\u0142 czy si\u0119 \u015bmia\u0107 czy p\u0142aka\u0107. S\u0119dzia Ewa Litwin zdecydowa\u0142a, \u017ce sprawcy, kt\u00f3rzy w\u00f3wczas byli nieletni, maj\u0105 przeprosi\u0107 pokrzywdzonego z podaniem mu d\u0142oni. Okoliczno\u015bci\u0105 \u0142agodz\u0105c\u0105 by\u0142o, \u017ce nie mieli wcze\u015bniej udowodnionego konfliktu z prawem. <\/p>\n<p>Przeprosiny nast\u0105pi\u0142y na sali s\u0105dowej. Zdaniem Jakuba by\u0142o wida\u0107, \u017ce sprawcy ataku nie chcieli tego zrobi\u0107. Jeden z nich powiedzia\u0142 s\u0119dzi, \u017ce przeprosi\u0142 Jakuba na korytarzu, bo go rodzice zmusili. <\/p>\n<p>W\u00f3wczas o sprawie pisali\u015bmy tak:<br \/>\n&#8222;Jakub Kurzajek jest lokalnym kaliskim aktywist\u0105 LGBTQIA+ i cz\u0119sto bywa w Ostrowie s\u0142u\u017cbowo i prywatnie. Wieczorem w sobot\u0119 po godzinie 20 szed\u0142 ulic\u0105 Raszkowsk\u0105. Mia\u0142 za\u0142o\u017con\u0105 t\u0119czow\u0105 maseczk\u0119. Przy Ostrowskim Centrum Kultury zosta\u0142 zaatakowany s\u0142ownie przez grup\u0119 licz\u0105c\u0105 oko\u0142o 10 os\u00f3b w wieku 15-20 lat.<\/p>\n<p>Poniewa\u017c pan Jakub mia\u0142 t\u0119czow\u0105 maseczk\u0119, us\u0142ysza\u0142 pod swoim adresem niecenzuralne s\u0142owa. Nie reagowa\u0142 na zaczepki i szed\u0142 dalej w stron\u0119 centrum miasta. Nagle na wysoko\u015bci parkingu przy skrzy\u017cowaniu ulic Raszkowskiej i Wolno\u015bci podbieg\u0142o do niego 3 ch\u0142opak\u00f3w krzycz\u0105c by odda\u0142 im wzbudzaj\u0105c\u0105 kontrowersj\u0119 maseczk\u0119.<\/p>\n<p>35-latek robi\u0142 uniki. Po kr\u00f3tkie chwili jeden z nich uderzy\u0142 go pi\u0119\u015bci\u0105 prosto w oko. Drugi z m\u0119\u017cczyzn go kopn\u0105\u0142 w nog\u0119, a trzeci zerwa\u0142 t\u0119czowe przypinki z plecaka. Krzyczeli by wi\u0119cej nie zak\u0142ada\u0142 takiej maseczki.<\/p>\n<p>Pan Jakub skojarzy\u0142, \u017ce kilka tygodni temu r\u00f3wnie\u017c mu zerwano maseczk\u0119 w bia\u0142y dzie\u0144 na ulicy Kolejowej. Wczorajsi napastnicy byli zamaskowani.<br \/>\nPan Jakub musia\u0142 pojecha\u0107 do szpitala, poniewa\u017c ma problem z widzeniem na prawe oko. Bezpo\u015brednio po zdarzeniu wezwa\u0142 policj\u0119.<\/p>\n<p>Jest zdruzgotany agresj\u0105, kt\u00f3ra pojawia si\u0119 nawet w bia\u0142y dzie\u0144 na ulicach Ostrowa Wielkopolskiego.&#8221;<\/p>\n","protected":false},"excerpt":{"rendered":"Powracamy do sprawy ataku za t\u0119czow\u0105 maseczk\u0119. W grudniu 2020 roku na ulicy Raszkowskiej w Ostrowie Wlkp. dosz\u0142o do zaatakowania Jakuba Kurzajka z \n<a class=\"moretag\" href=\"https:\/\/ostrowskatv.pl\/?p=20124\"> [...]<\/a>","protected":false},"author":1,"featured_media":20125,"comment_status":"open","ping_status":"closed","sticky":false,"template":"","format":"standard","meta":{"footnotes":""},"categories":[1],"tags":[52],"class_list":["post-20124","post","type-post","status-publish","format-standard","has-post-thumbnail","hentry","category-news","tag-sad"],"_links":{"self":[{"href":"https:\/\/ostrowskatv.pl\/index.php?rest_route=\/wp\/v2\/posts\/20124","targetHints":{"allow":["GET"]}}],"collection":[{"href":"https:\/\/ostrowskatv.pl\/index.php?rest_route=\/wp\/v2\/posts"}],"about":[{"href":"https:\/\/ostrowskatv.pl\/index.php?rest_route=\/wp\/v2\/types\/post"}],"author":[{"embeddable":true,"href":"https:\/\/ostrowskatv.pl\/index.php?rest_route=\/wp\/v2\/users\/1"}],"replies":[{"embeddable":true,"href":"https:\/\/ostrowskatv.pl\/index.php?rest_route=%2Fwp%2Fv2%2Fcomments&post=20124"}],"version-history":[{"count":0,"href":"https:\/\/ostrowskatv.pl\/index.php?rest_route=\/wp\/v2\/posts\/20124\/revisions"}],"wp:featuredmedia":[{"embeddable":true,"href":"https:\/\/ostrowskatv.pl\/index.php?rest_route=\/wp\/v2\/media\/20125"}],"wp:attachment":[{"href":"https:\/\/ostrowskatv.pl\/index.php?rest_route=%2Fwp%2Fv2%2Fmedia&parent=20124"}],"wp:term":[{"taxonomy":"category","embeddable":true,"href":"https:\/\/ostrowskatv.pl\/index.php?rest_route=%2Fwp%2Fv2%2Fcategories&post=20124"},{"taxonomy":"post_tag","embeddable":true,"href":"https:\/\/ostrowskatv.pl\/index.php?rest_route=%2Fwp%2Fv2%2Ftags&post=20124"}],"curies":[{"name":"wp","href":"https:\/\/api.w.org\/{rel}","templated":true}]}}