{"id":2012,"date":"2016-08-08T09:31:40","date_gmt":"2016-08-08T08:31:40","guid":{"rendered":"http:\/\/ostrowska.tv\/?p=2012"},"modified":"2016-08-08T09:38:44","modified_gmt":"2016-08-08T08:38:44","slug":"koparka-utknela-pod-wiaduktem-krotoszynskim","status":"publish","type":"post","link":"https:\/\/ostrowskatv.pl\/?p=2012","title":{"rendered":"Koparka utkn\u0119\u0142a pod wiaduktem krotoszy\u0144skim"},"content":{"rendered":"<p>W poniedzia\u0142ek po godzinie 10:00 dosz\u0142o do nietypowego zdarzenia. Pod wiaduktem krotoszy\u0144skim utkn\u0105\u0142 samoch\u00f3d ci\u0119\u017carowy z lawet\u0105, na kt\u00f3rej przewozi\u0142 kopark\u0119. Samoch\u00f3d nale\u017cy do jednej z ostrowskich firm budowlanych. Koparka hacz\u0105c o wiadukt uszkodzi\u0142a w\u0119\u017ce od systemu sterowania ni\u0105. W tej chwili jeden pas w stron\u0119 Krotoszyna jest zablokowany.<\/p>\n<div id='gallery-1' class='gallery galleryid-2012 gallery-columns-3 gallery-size-thumbnail'><figure class='gallery-item'>\n\t\t\t<div class='gallery-icon landscape'>\n\t\t\t\t<a href='https:\/\/ostrowskatv.pl\/?attachment_id=2011'><img loading=\"lazy\" decoding=\"async\" width=\"150\" height=\"150\" src=\"https:\/\/ostrowskatv.pl\/wp-content\/uploads\/2016\/08\/tmp_19538-koparka-wiadukt1-507821004-150x150.jpg\" class=\"attachment-thumbnail size-thumbnail\" alt=\"\" \/><\/a>\n\t\t\t<\/div><\/figure><figure class='gallery-item'>\n\t\t\t<div class='gallery-icon landscape'>\n\t\t\t\t<a href='https:\/\/ostrowskatv.pl\/?attachment_id=2010'><img loading=\"lazy\" decoding=\"async\" width=\"150\" height=\"150\" src=\"https:\/\/ostrowskatv.pl\/wp-content\/uploads\/2016\/08\/tmp_19538-koparka-wiadukt2-1677334846-150x150.jpg\" class=\"attachment-thumbnail size-thumbnail\" alt=\"\" \/><\/a>\n\t\t\t<\/div><\/figure>\n\t\t<\/div>\n\n<p>&nbsp;<\/p>\n","protected":false},"excerpt":{"rendered":"W poniedzia\u0142ek po godzinie 10:00 dosz\u0142o do nietypowego zdarzenia. Pod wiaduktem krotoszy\u0144skim utkn\u0105\u0142 samoch\u00f3d ci\u0119\u017carowy z lawet\u0105, na kt\u00f3rej przewozi\u0142 kopark\u0119. Samoch\u00f3d nale\u017cy \n<a class=\"moretag\" href=\"https:\/\/ostrowskatv.pl\/?p=2012\"> [...]<\/a>","protected":false},"author":1,"featured_media":2010,"comment_status":"open","ping_status":"open","sticky":false,"template":"","format":"standard","meta":{"footnotes":""},"categories":[1],"tags":[],"class_list":["post-2012","post","type-post","status-publish","format-standard","has-post-thumbnail","hentry","category-news"],"_links":{"self":[{"href":"https:\/\/ostrowskatv.pl\/index.php?rest_route=\/wp\/v2\/posts\/2012","targetHints":{"allow":["GET"]}}],"collection":[{"href":"https:\/\/ostrowskatv.pl\/index.php?rest_route=\/wp\/v2\/posts"}],"about":[{"href":"https:\/\/ostrowskatv.pl\/index.php?rest_route=\/wp\/v2\/types\/post"}],"author":[{"embeddable":true,"href":"https:\/\/ostrowskatv.pl\/index.php?rest_route=\/wp\/v2\/users\/1"}],"replies":[{"embeddable":true,"href":"https:\/\/ostrowskatv.pl\/index.php?rest_route=%2Fwp%2Fv2%2Fcomments&post=2012"}],"version-history":[{"count":0,"href":"https:\/\/ostrowskatv.pl\/index.php?rest_route=\/wp\/v2\/posts\/2012\/revisions"}],"wp:featuredmedia":[{"embeddable":true,"href":"https:\/\/ostrowskatv.pl\/index.php?rest_route=\/wp\/v2\/media\/2010"}],"wp:attachment":[{"href":"https:\/\/ostrowskatv.pl\/index.php?rest_route=%2Fwp%2Fv2%2Fmedia&parent=2012"}],"wp:term":[{"taxonomy":"category","embeddable":true,"href":"https:\/\/ostrowskatv.pl\/index.php?rest_route=%2Fwp%2Fv2%2Fcategories&post=2012"},{"taxonomy":"post_tag","embeddable":true,"href":"https:\/\/ostrowskatv.pl\/index.php?rest_route=%2Fwp%2Fv2%2Ftags&post=2012"}],"curies":[{"name":"wp","href":"https:\/\/api.w.org\/{rel}","templated":true}]}}