{"id":20115,"date":"2022-07-11T12:50:27","date_gmt":"2022-07-11T11:50:27","guid":{"rendered":"https:\/\/ostrowskatv.pl\/?p=20115"},"modified":"2022-07-11T12:51:48","modified_gmt":"2022-07-11T11:51:48","slug":"wyladowal-jak-tupolew-zatankowal-do-pelna","status":"publish","type":"post","link":"https:\/\/ostrowskatv.pl\/?p=20115","title":{"rendered":"Wyl\u0105dowa\u0142 jak tupolew. Zatankowa\u0142 % do pe\u0142na (ZDJ\u0118CIA)"},"content":{"rendered":"<p><strong>25-latek m\u00f3g\u0142 kogo\u015b zabi\u0107 przez swoj\u0105 nieodpowiedzialn\u0105 decyzj\u0119 o kierowaniu autem pod wp\u0142ywem alkoholu. Do zdarzenia dosz\u0142o w S\u0142aborowicach w gm. Raszk\u00f3w.<\/strong><\/p>\n<p>M\u0142ody m\u0119\u017cczyzna kieruj\u0105c fordem straci\u0142 panowanie nad pojazdem, zjecha\u0142 z drogi, uderzy\u0142 w przydro\u017cny kamie\u0144, a nast\u0119pnie przejecha\u0142 przez trawnik na s\u0105siedniej posesji, uszkadzaj\u0105c go. Na ko\u0144cu staranowa\u0142 betonowe ogrodzenie kolejnej posesji. M\u0119\u017cczyzna zosta\u0142 zatrzymany.<\/p>\n<p>Odpowie za kierowanie pod wp\u0142ywem alkoholu.<\/p>\n<p>Policjanci przypominaj\u0105, \u017ce ka\u017cdy nietrze\u017awy, nieodpowiedzialny kieruj\u0105cy na drodze, to potencjalny sprawca ludzkiego nieszcz\u0119\u015bcia. Mundurowi apeluj\u0105 o rozs\u0105dek na drodze, przestrzeganie przepis\u00f3w ruchu drogowego oraz o ograniczone zaufanie wzgl\u0119dem innych uczestnik\u00f3w ruchu drogowego.<\/p>\n<p><strong>Przypominamy, \u017ce nietrze\u017awy kieruj\u0105cy musi by\u0107 \u015bwiadomy konsekwencji prawnych:<\/strong><\/p>\n<p>&#8211; Prowadzenie pojazdu mechanicznego w stanie nietrze\u017awo\u015bci zagro\u017cone jest kar\u0105 pozbawienia wolno\u015bci do 2 lat.<\/p>\n<p>&#8211; Ponadto s\u0105d mo\u017ce orzec co najmniej 3-letni zakaz prowadzenia pojazd\u00f3w mechanicznych.<\/p>\n<p>&#8211; Osoba kieruj\u0105ca pojazdem w stanie nietrze\u017awo\u015bci musi si\u0119 liczy\u0107 r\u00f3wnie\u017c z dolegliwymi konsekwencjami finansowymi. S\u0105d obligatoryjnie nak\u0142ada na takiego kierowc\u0119 \u015bwiadczenie pieni\u0119\u017cne w wysoko\u015bci od 5 000 do 60 000 z\u0142otych.<\/p>\n<p><img loading=\"lazy\" decoding=\"async\" src=\"https:\/\/ostrowskatv.pl\/wp-content\/uploads\/2022\/07\/Slaborowic5.jpeg\" alt=\"\" width=\"783\" height=\"455\" class=\"alignnone size-full wp-image-20121\" srcset=\"https:\/\/ostrowskatv.pl\/wp-content\/uploads\/2022\/07\/Slaborowic5.jpeg 783w, https:\/\/ostrowskatv.pl\/wp-content\/uploads\/2022\/07\/Slaborowic5-300x174.jpeg 300w, https:\/\/ostrowskatv.pl\/wp-content\/uploads\/2022\/07\/Slaborowic5-620x360.jpeg 620w\" sizes=\"auto, (max-width: 783px) 100vw, 783px\" \/><\/p>\n<p><img loading=\"lazy\" decoding=\"async\" src=\"https:\/\/ostrowskatv.pl\/wp-content\/uploads\/2022\/07\/Slaborowice4.jpeg\" alt=\"\" width=\"904\" height=\"583\" class=\"alignnone size-full wp-image-20120\" srcset=\"https:\/\/ostrowskatv.pl\/wp-content\/uploads\/2022\/07\/Slaborowice4.jpeg 904w, https:\/\/ostrowskatv.pl\/wp-content\/uploads\/2022\/07\/Slaborowice4-300x193.jpeg 300w, https:\/\/ostrowskatv.pl\/wp-content\/uploads\/2022\/07\/Slaborowice4-558x360.jpeg 558w\" sizes=\"auto, (max-width: 904px) 100vw, 904px\" \/><\/p>\n<p><img loading=\"lazy\" decoding=\"async\" src=\"https:\/\/ostrowskatv.pl\/wp-content\/uploads\/2022\/07\/Slaborowice3.jpeg\" alt=\"\" width=\"1024\" height=\"768\" class=\"alignnone size-full wp-image-20119\" srcset=\"https:\/\/ostrowskatv.pl\/wp-content\/uploads\/2022\/07\/Slaborowice3.jpeg 1024w, https:\/\/ostrowskatv.pl\/wp-content\/uploads\/2022\/07\/Slaborowice3-300x225.jpeg 300w, https:\/\/ostrowskatv.pl\/wp-content\/uploads\/2022\/07\/Slaborowice3-480x360.jpeg 480w\" sizes=\"auto, (max-width: 1024px) 100vw, 1024px\" \/><\/p>\n<p><img loading=\"lazy\" decoding=\"async\" src=\"https:\/\/ostrowskatv.pl\/wp-content\/uploads\/2022\/07\/Slabirowice2.jpeg\" alt=\"\" width=\"768\" height=\"1024\" class=\"alignnone size-full wp-image-20118\" srcset=\"https:\/\/ostrowskatv.pl\/wp-content\/uploads\/2022\/07\/Slabirowice2.jpeg 768w, https:\/\/ostrowskatv.pl\/wp-content\/uploads\/2022\/07\/Slabirowice2-225x300.jpeg 225w, https:\/\/ostrowskatv.pl\/wp-content\/uploads\/2022\/07\/Slabirowice2-270x360.jpeg 270w\" sizes=\"auto, (max-width: 768px) 100vw, 768px\" \/><\/p>\n<p><img loading=\"lazy\" decoding=\"async\" src=\"https:\/\/ostrowskatv.pl\/wp-content\/uploads\/2022\/07\/Slaborowic1.jpeg\" alt=\"\" width=\"1024\" height=\"768\" class=\"alignnone size-full wp-image-20117\" srcset=\"https:\/\/ostrowskatv.pl\/wp-content\/uploads\/2022\/07\/Slaborowic1.jpeg 1024w, https:\/\/ostrowskatv.pl\/wp-content\/uploads\/2022\/07\/Slaborowic1-300x225.jpeg 300w, https:\/\/ostrowskatv.pl\/wp-content\/uploads\/2022\/07\/Slaborowic1-480x360.jpeg 480w\" sizes=\"auto, (max-width: 1024px) 100vw, 1024px\" \/><\/p>\n","protected":false},"excerpt":{"rendered":"25-latek m\u00f3g\u0142 kogo\u015b zabi\u0107 przez swoj\u0105 nieodpowiedzialn\u0105 decyzj\u0119 o kierowaniu autem pod wp\u0142ywem alkoholu. Do zdarzenia dosz\u0142o w S\u0142aborowicach w gm. Raszk\u00f3w. M\u0142ody \n<a class=\"moretag\" href=\"https:\/\/ostrowskatv.pl\/?p=20115\"> [...]<\/a>","protected":false},"author":1,"featured_media":20117,"comment_status":"open","ping_status":"closed","sticky":false,"template":"","format":"standard","meta":{"footnotes":""},"categories":[1],"tags":[],"class_list":["post-20115","post","type-post","status-publish","format-standard","has-post-thumbnail","hentry","category-news"],"_links":{"self":[{"href":"https:\/\/ostrowskatv.pl\/index.php?rest_route=\/wp\/v2\/posts\/20115","targetHints":{"allow":["GET"]}}],"collection":[{"href":"https:\/\/ostrowskatv.pl\/index.php?rest_route=\/wp\/v2\/posts"}],"about":[{"href":"https:\/\/ostrowskatv.pl\/index.php?rest_route=\/wp\/v2\/types\/post"}],"author":[{"embeddable":true,"href":"https:\/\/ostrowskatv.pl\/index.php?rest_route=\/wp\/v2\/users\/1"}],"replies":[{"embeddable":true,"href":"https:\/\/ostrowskatv.pl\/index.php?rest_route=%2Fwp%2Fv2%2Fcomments&post=20115"}],"version-history":[{"count":0,"href":"https:\/\/ostrowskatv.pl\/index.php?rest_route=\/wp\/v2\/posts\/20115\/revisions"}],"wp:featuredmedia":[{"embeddable":true,"href":"https:\/\/ostrowskatv.pl\/index.php?rest_route=\/wp\/v2\/media\/20117"}],"wp:attachment":[{"href":"https:\/\/ostrowskatv.pl\/index.php?rest_route=%2Fwp%2Fv2%2Fmedia&parent=20115"}],"wp:term":[{"taxonomy":"category","embeddable":true,"href":"https:\/\/ostrowskatv.pl\/index.php?rest_route=%2Fwp%2Fv2%2Fcategories&post=20115"},{"taxonomy":"post_tag","embeddable":true,"href":"https:\/\/ostrowskatv.pl\/index.php?rest_route=%2Fwp%2Fv2%2Ftags&post=20115"}],"curies":[{"name":"wp","href":"https:\/\/api.w.org\/{rel}","templated":true}]}}