{"id":201,"date":"2016-01-18T20:38:23","date_gmt":"2016-01-18T19:38:23","guid":{"rendered":"http:\/\/ostrowska.tv\/?p=201"},"modified":"2016-01-18T20:38:23","modified_gmt":"2016-01-18T19:38:23","slug":"ceny-za-wode-i-cieplo-bez-zmian-sukces-czy-porazka","status":"publish","type":"post","link":"https:\/\/ostrowskatv.pl\/?p=201","title":{"rendered":"Ceny za wod\u0119 i ciep\u0142o bez zmian. Sukces czy pora\u017cka?"},"content":{"rendered":"<p><strong>Cz\u0119\u015b\u0107 ostrowskich radnych zarzuca w\u0142adzom, \u017ce te nie obni\u017cy\u0142y cen za wod\u0119 i ciep\u0142o, mimo \u017ce miejskie sp\u00f3\u0142ki maj\u0105 za sob\u0105 dobry rok pod wzgl\u0119dem finansowym. Co na ten temat s\u0105dz\u0105 przedstawiciele UM w Ostrowie?<br \/>\n<\/strong><br \/>\nZarzut dotycz\u0105cy cen ciep\u0142a i wody pad\u0142 podczas niedawnej konferencji prasowej organizowanej przez Klub Radnych Platformy Obywatelskiej. &#8211; <em>Czemu nie ma obni\u017cki, skoro przeprowadzono przetargi na zakup w\u0119gla i uda\u0142o si\u0119 go kupi\u0107 znacznie taniej ni\u017c przed rokiem?<\/em> \u2013 pyta<strong> Andrzej Kornaszewski<\/strong>. &#8211; <em>Tak dobrego roku jak ubieg\u0142y WODKAN nie mia\u0142 ju\u017c od lat. Zarobi\u0142 milion z\u0142otych ni\u017c w ubieg\u0142ych latach. Dlaczego u nas, tak jak w Kaliszu, ceny za wod\u0119 nie zosta\u0142y obni\u017cone? Nie potrafi\u0119 zrozumie\u0107, czemu naszym sukcesem jest to, \u017ce sp\u00f3\u0142ki nie podnosz\u0105 cen<\/em> \u2013 dodaje radny.<\/p>\n<p>&#8211; <em>Dzi\u015b wielu radnych, kt\u00f3rzy domagaj\u0105 si\u0119 teraz niskich cen, nie protestowa\u0142o, kiedy w poprzedniej kadencji ceny us\u0142ug komunalnych sz\u0142y w g\u00f3r\u0119. To r\u00f3wnie\u017c ci radni zafundowali mieszka\u0144com coroczn\u0105 podwy\u017ck\u0119 cen w MZGM. To ci sami radni, kt\u00f3rzy dzi\u015b pytaj\u0105, dlaczego ceny zosta\u0142y utrzymane, a nie s\u0105 ni\u017csze, nie zgodzili si\u0119 na zamro\u017cenie czynsz\u00f3w MZGM t\u0142umacz\u0105c si\u0119 trosk\u0105 o stan inwestycji w zasobach mieszkaniowych miasta<\/em> \u2013 odpowiada<strong> Artur Ko\u0142aci\u0144ski<\/strong> z Biura Prasowego w Urz\u0119dzie Miasta w Ostrowie Wielkopolskim.<\/p>\n<p>W mie\u015bcie t\u0142umacz\u0105, \u017ce miniony rok by\u0142 dla sp\u00f3\u0142ek dobry, co jest te\u017c wynikiem wprowadzonej polityki oszcz\u0119dno\u015bciowej. Przez ostatnie 12 miesi\u0119cy na samych wynagrodzeniach prezes\u00f3w i rad nadzorczych uda\u0142o si\u0119 zaoszcz\u0119dzi\u0107 1 mln z\u0142. Miniony rok to tak\u017ce czas bardzo wa\u017cnych inwestycji w najwi\u0119kszych sp\u00f3\u0142kach. Jedn\u0105 z nich by\u0142 OZC. &#8211; <em>Mieszka\u0144cy za po\u015brednictwem medi\u00f3w mieli okazj\u0119 zobaczy\u0107 na w\u0142asne oczy, w jakim stanie by\u0142y rury, kt\u00f3rymi dostarcza\u0142 ciep\u0142o Ostrowski Zak\u0142ad Ciep\u0142owniczy. Gdyby ta inwestycja nie zosta\u0142a przeprowadzona z du\u017cym prawdopodobie\u0144stwem mieliby\u015bmy powa\u017cn\u0105 awari\u0119 w miesi\u0105cach zimowych, a mieszka\u0144cy Ostrowa Wielkopolskiego zostaliby bez ogrzewania swoich mieszka\u0144. Gdyby\u015bmy nie przeprowadzili tej modernizacji, zim\u0105 w czasie awarii wszyscy obwinialiby prezydenta miasta i prezesa sp\u00f3\u0142ki o taki stan rzeczy. Zadziwia wi\u0119c, \u017ce z jednej strony radni nie godz\u0105 si\u0119 na zamra\u017canie czynsz\u00f3w w zasobach MZGM w trosce o inwestycje, z drugiej strony chcieliby obni\u017cki cen za inne us\u0142ugi, nie spogl\u0105daj\u0105c na potrzeby inwestycyjne innej sp\u00f3\u0142ki<\/em> \u2013 t\u0142umaczy<strong> Ko\u0142aci\u0144ski<\/strong>. &#8211; Nale\u017cy przypomnie\u0107, \u017ce w 2013 roku nie tylko podniesiono ceny, ale tak\u017ce przeniesiono koszty ogrzewania i utrzymania licznik\u00f3w na mieszka\u0144c\u00f3w. Holdikom t\u0142umaczy\u0142 w\u00f3wczas konieczno\u015b\u0107 podwy\u017cki spadkiem rentowno\u015bci sp\u00f3\u0142ki OZC. W kontek\u015bcie OZC pytanie, dlaczego jest tak samo, a nie taniej, odbieramy jako pozytywn\u0105 ocen\u0119 prowadzonej przez w\u0142adze miasta polityki w zakresie gospodarki komunalnej \u2013 dodaje przedstawiciel UM w Ostrowie Wielkopolskim.<\/p>\n<p>Wa\u017cne inwestycje mia\u0142y tak\u017ce miejsce w WODKANIE. Ta kluczowa to renowacja g\u0142\u00f3wnego wodoci\u0105gu miasta mi\u0119dzy Stacj\u0105 Uzdatniania Wody, a zbiornikiem w Wysocku Wielkim. &#8211; <em>40-letnie rury wymaga\u0142y ju\u017c interwencji, bo woda, kt\u00f3ra nim przep\u0142ywa t\u0142oczona jest pod bardzo du\u017cym ci\u015bnieniem, wi\u0119c nie chodzi\u0142o wy\u0142\u0105cznie o zabezpieczenie si\u0119 przed awari\u0105 i przerw\u0105 w dostawie wody, ale o bezpiecze\u0144stwo na odcinku przebiegu ruroci\u0105gu<\/em> \u2013 wyja\u015bnia<strong> Artur Ko\u0142aci\u0144ski<\/strong>.<\/p>\n<p>W\u0142adze miasta utrzymuj\u0105, \u017ce utrzymanie cen na dotychczasowym poziomie da\u0142o mieszka\u0144com Ostrowa Wielkopolskiego wytchnienie od wcze\u015bniejszych podwy\u017cek.<\/p>\n<p><strong>Czy zgadzaj\u0105 si\u0119 Pa\u0144stwo z t\u0105 opini\u0105?<\/strong><\/p>\n","protected":false},"excerpt":{"rendered":"Cz\u0119\u015b\u0107 ostrowskich radnych zarzuca w\u0142adzom, \u017ce te nie obni\u017cy\u0142y cen za wod\u0119 i ciep\u0142o, mimo \u017ce miejskie sp\u00f3\u0142ki maj\u0105 za sob\u0105 dobry rok \n<a class=\"moretag\" href=\"https:\/\/ostrowskatv.pl\/?p=201\"> [...]<\/a>","protected":false},"author":1,"featured_media":202,"comment_status":"open","ping_status":"open","sticky":false,"template":"","format":"standard","meta":{"footnotes":""},"categories":[1],"tags":[29],"class_list":["post-201","post","type-post","status-publish","format-standard","has-post-thumbnail","hentry","category-news","tag-wodkan"],"_links":{"self":[{"href":"https:\/\/ostrowskatv.pl\/index.php?rest_route=\/wp\/v2\/posts\/201","targetHints":{"allow":["GET"]}}],"collection":[{"href":"https:\/\/ostrowskatv.pl\/index.php?rest_route=\/wp\/v2\/posts"}],"about":[{"href":"https:\/\/ostrowskatv.pl\/index.php?rest_route=\/wp\/v2\/types\/post"}],"author":[{"embeddable":true,"href":"https:\/\/ostrowskatv.pl\/index.php?rest_route=\/wp\/v2\/users\/1"}],"replies":[{"embeddable":true,"href":"https:\/\/ostrowskatv.pl\/index.php?rest_route=%2Fwp%2Fv2%2Fcomments&post=201"}],"version-history":[{"count":0,"href":"https:\/\/ostrowskatv.pl\/index.php?rest_route=\/wp\/v2\/posts\/201\/revisions"}],"wp:featuredmedia":[{"embeddable":true,"href":"https:\/\/ostrowskatv.pl\/index.php?rest_route=\/wp\/v2\/media\/202"}],"wp:attachment":[{"href":"https:\/\/ostrowskatv.pl\/index.php?rest_route=%2Fwp%2Fv2%2Fmedia&parent=201"}],"wp:term":[{"taxonomy":"category","embeddable":true,"href":"https:\/\/ostrowskatv.pl\/index.php?rest_route=%2Fwp%2Fv2%2Fcategories&post=201"},{"taxonomy":"post_tag","embeddable":true,"href":"https:\/\/ostrowskatv.pl\/index.php?rest_route=%2Fwp%2Fv2%2Ftags&post=201"}],"curies":[{"name":"wp","href":"https:\/\/api.w.org\/{rel}","templated":true}]}}