{"id":20092,"date":"2022-07-11T07:49:54","date_gmt":"2022-07-11T06:49:54","guid":{"rendered":"https:\/\/ostrowskatv.pl\/?p=20092"},"modified":"2022-07-11T07:49:54","modified_gmt":"2022-07-11T06:49:54","slug":"wypadek-pomiedzy-galeria-a-mcdonalds","status":"publish","type":"post","link":"https:\/\/ostrowskatv.pl\/?p=20092","title":{"rendered":"Wypadek pomi\u0119dzy galeri\u0105 a McDonald&#8217;s"},"content":{"rendered":"<p><strong>Po godzinie 7.30 na odcinku drogi pomi\u0119dzy Galeri\u0105, a McDonald`s (ulica Kaliska w Ostrowie Wlkp.) dosz\u0142o do zderzenia pomi\u0119dzy samochodem osobowym, a skuterem. Po zdarzeniu m\u0119\u017cczyzna ze skutera le\u017ca\u0142 na jezdni. Osoby z osob\u00f3wki oddali\u0142y si\u0119.<\/strong><\/p>\n<p><img loading=\"lazy\" decoding=\"async\" src=\"https:\/\/ostrowskatv.pl\/wp-content\/uploads\/2022\/07\/20220711_084001-01.jpeg\" alt=\"\" width=\"1366\" height=\"932\" class=\"alignnone size-full wp-image-20093\" srcset=\"https:\/\/ostrowskatv.pl\/wp-content\/uploads\/2022\/07\/20220711_084001-01.jpeg 1366w, https:\/\/ostrowskatv.pl\/wp-content\/uploads\/2022\/07\/20220711_084001-01-300x205.jpeg 300w, https:\/\/ostrowskatv.pl\/wp-content\/uploads\/2022\/07\/20220711_084001-01-528x360.jpeg 528w\" sizes=\"auto, (max-width: 1366px) 100vw, 1366px\" \/><\/p>\n<p><img loading=\"lazy\" decoding=\"async\" src=\"https:\/\/ostrowskatv.pl\/wp-content\/uploads\/2022\/07\/20220711_084006-01.jpeg\" alt=\"\" width=\"1366\" height=\"1025\" class=\"alignnone size-full wp-image-20094\" srcset=\"https:\/\/ostrowskatv.pl\/wp-content\/uploads\/2022\/07\/20220711_084006-01.jpeg 1366w, https:\/\/ostrowskatv.pl\/wp-content\/uploads\/2022\/07\/20220711_084006-01-300x225.jpeg 300w, https:\/\/ostrowskatv.pl\/wp-content\/uploads\/2022\/07\/20220711_084006-01-480x360.jpeg 480w\" sizes=\"auto, (max-width: 1366px) 100vw, 1366px\" \/><\/p>\n<p><img loading=\"lazy\" decoding=\"async\" src=\"https:\/\/ostrowskatv.pl\/wp-content\/uploads\/2022\/07\/20220711_084013-01.jpeg\" alt=\"\" width=\"1365\" height=\"826\" class=\"alignnone size-full wp-image-20095\" srcset=\"https:\/\/ostrowskatv.pl\/wp-content\/uploads\/2022\/07\/20220711_084013-01.jpeg 1365w, https:\/\/ostrowskatv.pl\/wp-content\/uploads\/2022\/07\/20220711_084013-01-300x182.jpeg 300w, https:\/\/ostrowskatv.pl\/wp-content\/uploads\/2022\/07\/20220711_084013-01-595x360.jpeg 595w\" sizes=\"auto, (max-width: 1365px) 100vw, 1365px\" \/><\/p>\n<p><img loading=\"lazy\" decoding=\"async\" src=\"https:\/\/ostrowskatv.pl\/wp-content\/uploads\/2022\/07\/20220711_084028-01.jpeg\" alt=\"\" width=\"1366\" height=\"680\" class=\"alignnone size-full wp-image-20096\" srcset=\"https:\/\/ostrowskatv.pl\/wp-content\/uploads\/2022\/07\/20220711_084028-01.jpeg 1366w, https:\/\/ostrowskatv.pl\/wp-content\/uploads\/2022\/07\/20220711_084028-01-300x149.jpeg 300w, https:\/\/ostrowskatv.pl\/wp-content\/uploads\/2022\/07\/20220711_084028-01-640x319.jpeg 640w\" sizes=\"auto, (max-width: 1366px) 100vw, 1366px\" \/><\/p>\n<p><img loading=\"lazy\" decoding=\"async\" src=\"https:\/\/ostrowskatv.pl\/wp-content\/uploads\/2022\/07\/20220711_084050-01.jpeg\" alt=\"\" width=\"1366\" height=\"883\" class=\"alignnone size-full wp-image-20097\" srcset=\"https:\/\/ostrowskatv.pl\/wp-content\/uploads\/2022\/07\/20220711_084050-01.jpeg 1366w, https:\/\/ostrowskatv.pl\/wp-content\/uploads\/2022\/07\/20220711_084050-01-300x194.jpeg 300w, https:\/\/ostrowskatv.pl\/wp-content\/uploads\/2022\/07\/20220711_084050-01-557x360.jpeg 557w\" sizes=\"auto, (max-width: 1366px) 100vw, 1366px\" \/><\/p>\n<p><img loading=\"lazy\" decoding=\"async\" src=\"https:\/\/ostrowskatv.pl\/wp-content\/uploads\/2022\/07\/20220711_084101-01.jpeg\" alt=\"\" width=\"1366\" height=\"954\" class=\"alignnone size-full wp-image-20098\" srcset=\"https:\/\/ostrowskatv.pl\/wp-content\/uploads\/2022\/07\/20220711_084101-01.jpeg 1366w, https:\/\/ostrowskatv.pl\/wp-content\/uploads\/2022\/07\/20220711_084101-01-300x210.jpeg 300w, https:\/\/ostrowskatv.pl\/wp-content\/uploads\/2022\/07\/20220711_084101-01-515x360.jpeg 515w, https:\/\/ostrowskatv.pl\/wp-content\/uploads\/2022\/07\/20220711_084101-01-120x85.jpeg 120w\" sizes=\"auto, (max-width: 1366px) 100vw, 1366px\" \/><\/p>\n<p><img loading=\"lazy\" decoding=\"async\" src=\"https:\/\/ostrowskatv.pl\/wp-content\/uploads\/2022\/07\/20220711_084106-01.jpeg\" alt=\"\" width=\"1366\" height=\"809\" class=\"alignnone size-full wp-image-20099\" srcset=\"https:\/\/ostrowskatv.pl\/wp-content\/uploads\/2022\/07\/20220711_084106-01.jpeg 1366w, https:\/\/ostrowskatv.pl\/wp-content\/uploads\/2022\/07\/20220711_084106-01-300x178.jpeg 300w, https:\/\/ostrowskatv.pl\/wp-content\/uploads\/2022\/07\/20220711_084106-01-608x360.jpeg 608w\" sizes=\"auto, (max-width: 1366px) 100vw, 1366px\" \/><\/p>\n","protected":false},"excerpt":{"rendered":"Po godzinie 7.30 na odcinku drogi pomi\u0119dzy Galeri\u0105, a McDonald`s (ulica Kaliska w Ostrowie Wlkp.) dosz\u0142o do zderzenia pomi\u0119dzy samochodem osobowym, a skuterem. \n<a class=\"moretag\" href=\"https:\/\/ostrowskatv.pl\/?p=20092\"> [...]<\/a>","protected":false},"author":1,"featured_media":20098,"comment_status":"open","ping_status":"closed","sticky":false,"template":"","format":"standard","meta":{"footnotes":""},"categories":[1],"tags":[],"class_list":["post-20092","post","type-post","status-publish","format-standard","has-post-thumbnail","hentry","category-news"],"_links":{"self":[{"href":"https:\/\/ostrowskatv.pl\/index.php?rest_route=\/wp\/v2\/posts\/20092","targetHints":{"allow":["GET"]}}],"collection":[{"href":"https:\/\/ostrowskatv.pl\/index.php?rest_route=\/wp\/v2\/posts"}],"about":[{"href":"https:\/\/ostrowskatv.pl\/index.php?rest_route=\/wp\/v2\/types\/post"}],"author":[{"embeddable":true,"href":"https:\/\/ostrowskatv.pl\/index.php?rest_route=\/wp\/v2\/users\/1"}],"replies":[{"embeddable":true,"href":"https:\/\/ostrowskatv.pl\/index.php?rest_route=%2Fwp%2Fv2%2Fcomments&post=20092"}],"version-history":[{"count":0,"href":"https:\/\/ostrowskatv.pl\/index.php?rest_route=\/wp\/v2\/posts\/20092\/revisions"}],"wp:featuredmedia":[{"embeddable":true,"href":"https:\/\/ostrowskatv.pl\/index.php?rest_route=\/wp\/v2\/media\/20098"}],"wp:attachment":[{"href":"https:\/\/ostrowskatv.pl\/index.php?rest_route=%2Fwp%2Fv2%2Fmedia&parent=20092"}],"wp:term":[{"taxonomy":"category","embeddable":true,"href":"https:\/\/ostrowskatv.pl\/index.php?rest_route=%2Fwp%2Fv2%2Fcategories&post=20092"},{"taxonomy":"post_tag","embeddable":true,"href":"https:\/\/ostrowskatv.pl\/index.php?rest_route=%2Fwp%2Fv2%2Ftags&post=20092"}],"curies":[{"name":"wp","href":"https:\/\/api.w.org\/{rel}","templated":true}]}}