{"id":20089,"date":"2022-07-11T07:44:22","date_gmt":"2022-07-11T06:44:22","guid":{"rendered":"https:\/\/ostrowskatv.pl\/?p=20089"},"modified":"2022-07-11T07:44:22","modified_gmt":"2022-07-11T06:44:22","slug":"byl-reanimowany-po-uderzeniu-w-drzewo","status":"publish","type":"post","link":"https:\/\/ostrowskatv.pl\/?p=20089","title":{"rendered":"By\u0142 reanimowany po uderzeniu w drzewo"},"content":{"rendered":"<p><strong>Tu\u017c po godzinie 8 w Odolanowie na ulicy Krotoszy\u0144skiej samoch\u00f3d osobowy zjecha\u0142 na lewy pas jezdni, po czym uderzy\u0142 w drzewo. Kierowca by\u0142 bez funkcji \u017cyciowych.<\/strong><\/p>\n<p>Rozpocz\u0119to jego reanimacj\u0119. Do pomocy za\u0142odze karetki pogotowia ratunkowego do\u0142\u0105czyli stra\u017cacy.<\/p>\n<p>Najbardziej prawdopodobne wydaje si\u0119, \u017ce m\u0119\u017cczyzna zas\u0142ab\u0142 jeszcze przed zdarzeniem.<\/p>\n","protected":false},"excerpt":{"rendered":"Tu\u017c po godzinie 8 w Odolanowie na ulicy Krotoszy\u0144skiej samoch\u00f3d osobowy zjecha\u0142 na lewy pas jezdni, po czym uderzy\u0142 w drzewo. Kierowca by\u0142 \n<a class=\"moretag\" href=\"https:\/\/ostrowskatv.pl\/?p=20089\"> [...]<\/a>","protected":false},"author":1,"featured_media":20090,"comment_status":"open","ping_status":"closed","sticky":false,"template":"","format":"standard","meta":{"footnotes":""},"categories":[1],"tags":[38],"class_list":["post-20089","post","type-post","status-publish","format-standard","has-post-thumbnail","hentry","category-news","tag-odolanow"],"_links":{"self":[{"href":"https:\/\/ostrowskatv.pl\/index.php?rest_route=\/wp\/v2\/posts\/20089","targetHints":{"allow":["GET"]}}],"collection":[{"href":"https:\/\/ostrowskatv.pl\/index.php?rest_route=\/wp\/v2\/posts"}],"about":[{"href":"https:\/\/ostrowskatv.pl\/index.php?rest_route=\/wp\/v2\/types\/post"}],"author":[{"embeddable":true,"href":"https:\/\/ostrowskatv.pl\/index.php?rest_route=\/wp\/v2\/users\/1"}],"replies":[{"embeddable":true,"href":"https:\/\/ostrowskatv.pl\/index.php?rest_route=%2Fwp%2Fv2%2Fcomments&post=20089"}],"version-history":[{"count":0,"href":"https:\/\/ostrowskatv.pl\/index.php?rest_route=\/wp\/v2\/posts\/20089\/revisions"}],"wp:featuredmedia":[{"embeddable":true,"href":"https:\/\/ostrowskatv.pl\/index.php?rest_route=\/wp\/v2\/media\/20090"}],"wp:attachment":[{"href":"https:\/\/ostrowskatv.pl\/index.php?rest_route=%2Fwp%2Fv2%2Fmedia&parent=20089"}],"wp:term":[{"taxonomy":"category","embeddable":true,"href":"https:\/\/ostrowskatv.pl\/index.php?rest_route=%2Fwp%2Fv2%2Fcategories&post=20089"},{"taxonomy":"post_tag","embeddable":true,"href":"https:\/\/ostrowskatv.pl\/index.php?rest_route=%2Fwp%2Fv2%2Ftags&post=20089"}],"curies":[{"name":"wp","href":"https:\/\/api.w.org\/{rel}","templated":true}]}}