{"id":20073,"date":"2022-07-07T12:32:48","date_gmt":"2022-07-07T11:32:48","guid":{"rendered":"https:\/\/ostrowskatv.pl\/?p=20073"},"modified":"2022-07-07T12:32:48","modified_gmt":"2022-07-07T11:32:48","slug":"3-latek-w-tarapatach-zaklinowal-sie-w-nakladce-toaletowej","status":"publish","type":"post","link":"https:\/\/ostrowskatv.pl\/?p=20073","title":{"rendered":"3-latek w tarapatach. Zaklinowa\u0142 si\u0119 w nak\u0142adce toaletowej"},"content":{"rendered":"<p><strong>Nietypowe zdarzenie wp\u0142yn\u0119\u0142o do ostrowskich stra\u017cak\u00f3w przed godzin\u0105 9.30. W jednym z mieszka\u0144 w bloku przy ulicy Szczeci\u0144skiej w Ostrowie Wielkopolskim znajdowa\u0142 si\u0119 3-latek w tarapatach. <\/strong><\/p>\n<p>Dziecko utkn\u0119\u0142o w plastikowej nak\u0142adce na toalet\u0119. I nie by\u0142a to tylna cz\u0119\u015b\u0107 cia\u0142a, a g\u0142owa. 3-letni ch\u0142opiec w\u0142o\u017cy\u0142 g\u0142ow\u0119 w otw\u00f3r, ale wyj\u0105\u0107 ju\u017c jej nie potrafi\u0142. R\u00f3wnie\u017c jego mama nie znalaz\u0142a sposobu na bezpieczne pozbycie si\u0119 nak\u0142adki. Postanowi\u0142a wezwa\u0107 stra\u017cak\u00f3w.<\/p>\n<p>Ci weszli do mieszkania i rozci\u0119li plastikowy element. Na pytanie czy matka nie mog\u0142a tego zrobi\u0107, warto wzi\u0105\u0107 pod uwag\u0119, \u017ce operowanie ostrym narz\u0119dzie przy g\u0142owie ruchliwego 3-latka nie by\u0142oby rozs\u0105dne.<\/p>\n<p><img loading=\"lazy\" decoding=\"async\" src=\"https:\/\/ostrowskatv.pl\/wp-content\/uploads\/2022\/07\/20220707_093001-01.jpeg\" alt=\"\" width=\"1366\" height=\"1025\" class=\"alignnone size-full wp-image-20077\" srcset=\"https:\/\/ostrowskatv.pl\/wp-content\/uploads\/2022\/07\/20220707_093001-01.jpeg 1366w, https:\/\/ostrowskatv.pl\/wp-content\/uploads\/2022\/07\/20220707_093001-01-300x225.jpeg 300w, https:\/\/ostrowskatv.pl\/wp-content\/uploads\/2022\/07\/20220707_093001-01-480x360.jpeg 480w\" sizes=\"auto, (max-width: 1366px) 100vw, 1366px\" \/><\/p>\n<p><img loading=\"lazy\" decoding=\"async\" src=\"https:\/\/ostrowskatv.pl\/wp-content\/uploads\/2022\/07\/20220707_092958-01.jpeg\" alt=\"\" width=\"1366\" height=\"1025\" class=\"alignnone size-full wp-image-20078\" srcset=\"https:\/\/ostrowskatv.pl\/wp-content\/uploads\/2022\/07\/20220707_092958-01.jpeg 1366w, https:\/\/ostrowskatv.pl\/wp-content\/uploads\/2022\/07\/20220707_092958-01-300x225.jpeg 300w, https:\/\/ostrowskatv.pl\/wp-content\/uploads\/2022\/07\/20220707_092958-01-480x360.jpeg 480w\" sizes=\"auto, (max-width: 1366px) 100vw, 1366px\" \/><\/p>\n<p><img loading=\"lazy\" decoding=\"async\" src=\"https:\/\/ostrowskatv.pl\/wp-content\/uploads\/2022\/07\/20220707_093420-01.jpeg\" alt=\"\" width=\"1366\" height=\"1025\" class=\"alignnone size-full wp-image-20076\" srcset=\"https:\/\/ostrowskatv.pl\/wp-content\/uploads\/2022\/07\/20220707_093420-01.jpeg 1366w, https:\/\/ostrowskatv.pl\/wp-content\/uploads\/2022\/07\/20220707_093420-01-300x225.jpeg 300w, https:\/\/ostrowskatv.pl\/wp-content\/uploads\/2022\/07\/20220707_093420-01-480x360.jpeg 480w\" sizes=\"auto, (max-width: 1366px) 100vw, 1366px\" \/><\/p>\n<p><img loading=\"lazy\" decoding=\"async\" src=\"https:\/\/ostrowskatv.pl\/wp-content\/uploads\/2022\/07\/20220707_093413-01.jpeg\" alt=\"\" width=\"1366\" height=\"1025\" class=\"alignnone size-full wp-image-20075\" srcset=\"https:\/\/ostrowskatv.pl\/wp-content\/uploads\/2022\/07\/20220707_093413-01.jpeg 1366w, https:\/\/ostrowskatv.pl\/wp-content\/uploads\/2022\/07\/20220707_093413-01-300x225.jpeg 300w, https:\/\/ostrowskatv.pl\/wp-content\/uploads\/2022\/07\/20220707_093413-01-480x360.jpeg 480w\" sizes=\"auto, (max-width: 1366px) 100vw, 1366px\" \/><\/p>\n<p>Identyczna historia mia\u0142a ju\u017c miejsce w Ostrowie Wielkopolskim. W\u00f3wczas rodzic zapakowa\u0142 dziecko do auta i podjecha\u0142 do stra\u017cak\u00f3w, wszystko \u0142adnie dokumentuj\u0105c.<\/p>\n<p><img loading=\"lazy\" decoding=\"async\" src=\"https:\/\/ostrowskatv.pl\/wp-content\/uploads\/2022\/07\/dziecko-utknelo-01-01.jpeg\" alt=\"\" width=\"577\" height=\"1024\" class=\"alignnone size-full wp-image-20074\" srcset=\"https:\/\/ostrowskatv.pl\/wp-content\/uploads\/2022\/07\/dziecko-utknelo-01-01.jpeg 577w, https:\/\/ostrowskatv.pl\/wp-content\/uploads\/2022\/07\/dziecko-utknelo-01-01-169x300.jpeg 169w, https:\/\/ostrowskatv.pl\/wp-content\/uploads\/2022\/07\/dziecko-utknelo-01-01-203x360.jpeg 203w\" sizes=\"auto, (max-width: 577px) 100vw, 577px\" \/><\/p>\n","protected":false},"excerpt":{"rendered":"Nietypowe zdarzenie wp\u0142yn\u0119\u0142o do ostrowskich stra\u017cak\u00f3w przed godzin\u0105 9.30. W jednym z mieszka\u0144 w bloku przy ulicy Szczeci\u0144skiej w Ostrowie Wielkopolskim znajdowa\u0142 si\u0119 \n<a class=\"moretag\" href=\"https:\/\/ostrowskatv.pl\/?p=20073\"> [...]<\/a>","protected":false},"author":1,"featured_media":20079,"comment_status":"open","ping_status":"closed","sticky":false,"template":"","format":"standard","meta":{"footnotes":""},"categories":[1],"tags":[],"class_list":["post-20073","post","type-post","status-publish","format-standard","has-post-thumbnail","hentry","category-news"],"_links":{"self":[{"href":"https:\/\/ostrowskatv.pl\/index.php?rest_route=\/wp\/v2\/posts\/20073","targetHints":{"allow":["GET"]}}],"collection":[{"href":"https:\/\/ostrowskatv.pl\/index.php?rest_route=\/wp\/v2\/posts"}],"about":[{"href":"https:\/\/ostrowskatv.pl\/index.php?rest_route=\/wp\/v2\/types\/post"}],"author":[{"embeddable":true,"href":"https:\/\/ostrowskatv.pl\/index.php?rest_route=\/wp\/v2\/users\/1"}],"replies":[{"embeddable":true,"href":"https:\/\/ostrowskatv.pl\/index.php?rest_route=%2Fwp%2Fv2%2Fcomments&post=20073"}],"version-history":[{"count":0,"href":"https:\/\/ostrowskatv.pl\/index.php?rest_route=\/wp\/v2\/posts\/20073\/revisions"}],"wp:featuredmedia":[{"embeddable":true,"href":"https:\/\/ostrowskatv.pl\/index.php?rest_route=\/wp\/v2\/media\/20079"}],"wp:attachment":[{"href":"https:\/\/ostrowskatv.pl\/index.php?rest_route=%2Fwp%2Fv2%2Fmedia&parent=20073"}],"wp:term":[{"taxonomy":"category","embeddable":true,"href":"https:\/\/ostrowskatv.pl\/index.php?rest_route=%2Fwp%2Fv2%2Fcategories&post=20073"},{"taxonomy":"post_tag","embeddable":true,"href":"https:\/\/ostrowskatv.pl\/index.php?rest_route=%2Fwp%2Fv2%2Ftags&post=20073"}],"curies":[{"name":"wp","href":"https:\/\/api.w.org\/{rel}","templated":true}]}}