{"id":20046,"date":"2022-07-03T23:24:06","date_gmt":"2022-07-03T22:24:06","guid":{"rendered":"https:\/\/ostrowskatv.pl\/?p=20046"},"modified":"2022-07-03T23:32:38","modified_gmt":"2022-07-03T22:32:38","slug":"zamieszki-pomiedzy-kibicami-leszna-i-ostrowa-wideo","status":"publish","type":"post","link":"https:\/\/ostrowskatv.pl\/?p=20046","title":{"rendered":"Zamieszki pomi\u0119dzy kibicami Leszna i Ostrowa (WIDEO)"},"content":{"rendered":"<p><strong>Po 24 latach odnowi\u0142y si\u0119 negatywne emocje pomi\u0119dzy kibicami z Ostrowa Wielkopolskiego i Leszna. To pok\u0142osie tragicznej \u015bmierci \u017cu\u017clowca reprezentuj\u0105cego Iskr\u0119 Ostr\u00f3w, kt\u00f3ry mia\u0142 zosta\u0107 &#8222;wywieziony przez leszczy\u0144skich zawodnik\u00f3w na zewn\u0105trz toru&#8221;, przez co uderzy\u0142 g\u0142ow\u0105 w metalowy s\u0142upek od bramy wjazdowej do parku maszyn. W wyniku odniesionych obra\u017ce\u0144 zmar\u0142 w szpitalu.<\/strong><\/p>\n<p>Ju\u017c podczas meczu dochodzi\u0142o do niegodnych zachowa\u0144 z udzia\u0142em kibic\u00f3w. Z jednej strony wulgarne przy\u015bpiewki, z drugiej prowokowanie i rzucanie przedmiot\u00f3w w kibic\u00f3w drugiej dru\u017cyny.<\/p>\n<p>Dosz\u0142o tak\u017ce do pobi\u0107. Eskalacja nast\u0105pi\u0142a po zako\u0144czonym meczu. U\u017cyto gazu pieprzowego i zatrzymano cz\u0119\u015b\u0107 awanturnik\u00f3w. Pozostali zostali wylegitymowani i nagrani. Po analizie wideo b\u0119dzie mo\u017cliwe postawienie zarzut\u00f3w kolejnym pseudokibicom.<\/p>\n<p>Jeden z ostrowskich kibic\u00f3w spali\u0142 szalik Unii Leszno. Po kilku chwilach policja oczy\u015bci\u0142a teren przylegaj\u0105cy do wyj\u015bcia z sektora go\u015bci i mo\u017cliwe by\u0142o wypuszczenie kibic\u00f3w do autokar\u00f3w.<\/p>\n<p>Policjanci wystawili 3 mandaty, a dwie osoby b\u0119d\u0105 odpowiada\u0107 z zapis\u00f3w ustawy o imprezach masowych. B\u0119d\u0105 oni rozliczeni w trybie przyspieszonym. Oko\u0142o 150 os\u00f3b zosta\u0142o wylegitymowanych.<\/p>\n<p><iframe loading=\"lazy\" title=\"Zamieszki - Ostr\u00f3w Wielkopolski - Unia Leszno - \u017cu\u017cel\" width=\"747\" height=\"420\" src=\"https:\/\/www.youtube.com\/embed\/3gS3enE-9sE?feature=oembed\" frameborder=\"0\" allow=\"accelerometer; autoplay; clipboard-write; encrypted-media; gyroscope; picture-in-picture; web-share\" referrerpolicy=\"strict-origin-when-cross-origin\" allowfullscreen><\/iframe><\/p>\n","protected":false},"excerpt":{"rendered":"Po 24 latach odnowi\u0142y si\u0119 negatywne emocje pomi\u0119dzy kibicami z Ostrowa Wielkopolskiego i Leszna. To pok\u0142osie tragicznej \u015bmierci \u017cu\u017clowca reprezentuj\u0105cego Iskr\u0119 Ostr\u00f3w, kt\u00f3ry \n<a class=\"moretag\" href=\"https:\/\/ostrowskatv.pl\/?p=20046\"> [...]<\/a>","protected":false},"author":1,"featured_media":20047,"comment_status":"open","ping_status":"closed","sticky":false,"template":"","format":"standard","meta":{"footnotes":""},"categories":[1],"tags":[],"class_list":["post-20046","post","type-post","status-publish","format-standard","has-post-thumbnail","hentry","category-news"],"_links":{"self":[{"href":"https:\/\/ostrowskatv.pl\/index.php?rest_route=\/wp\/v2\/posts\/20046","targetHints":{"allow":["GET"]}}],"collection":[{"href":"https:\/\/ostrowskatv.pl\/index.php?rest_route=\/wp\/v2\/posts"}],"about":[{"href":"https:\/\/ostrowskatv.pl\/index.php?rest_route=\/wp\/v2\/types\/post"}],"author":[{"embeddable":true,"href":"https:\/\/ostrowskatv.pl\/index.php?rest_route=\/wp\/v2\/users\/1"}],"replies":[{"embeddable":true,"href":"https:\/\/ostrowskatv.pl\/index.php?rest_route=%2Fwp%2Fv2%2Fcomments&post=20046"}],"version-history":[{"count":0,"href":"https:\/\/ostrowskatv.pl\/index.php?rest_route=\/wp\/v2\/posts\/20046\/revisions"}],"wp:featuredmedia":[{"embeddable":true,"href":"https:\/\/ostrowskatv.pl\/index.php?rest_route=\/wp\/v2\/media\/20047"}],"wp:attachment":[{"href":"https:\/\/ostrowskatv.pl\/index.php?rest_route=%2Fwp%2Fv2%2Fmedia&parent=20046"}],"wp:term":[{"taxonomy":"category","embeddable":true,"href":"https:\/\/ostrowskatv.pl\/index.php?rest_route=%2Fwp%2Fv2%2Fcategories&post=20046"},{"taxonomy":"post_tag","embeddable":true,"href":"https:\/\/ostrowskatv.pl\/index.php?rest_route=%2Fwp%2Fv2%2Ftags&post=20046"}],"curies":[{"name":"wp","href":"https:\/\/api.w.org\/{rel}","templated":true}]}}