{"id":20018,"date":"2022-06-26T15:18:47","date_gmt":"2022-06-26T14:18:47","guid":{"rendered":"https:\/\/ostrowskatv.pl\/?p=20018"},"modified":"2022-06-26T15:32:08","modified_gmt":"2022-06-26T14:32:08","slug":"zginal-na-torach-w-ostrowie","status":"publish","type":"post","link":"https:\/\/ostrowskatv.pl\/?p=20018","title":{"rendered":"Zgin\u0105\u0142 na torach w Ostrowie"},"content":{"rendered":"<p><strong>Po godzinie 14 do s\u0142u\u017cb dotar\u0142a informacja o ciele cz\u0142owieka w pobli\u017cu przejazdu kolejowego pomi\u0119dzy Ostrowem Wielkopolskim, a Franklinowem. Na miejscu okaza\u0142o si\u0119, \u017ce m\u0119\u017cczyzna nie \u017cyje.<\/strong><\/p>\n<p>Poci\u0105g osobowy po zako\u0144czonym kursie by\u0142 przemieszczany do bazy. Pomi\u0119dzy Ostrowem Wielkopolskim, a pierwszym w stron\u0119 Franklinowa przejazdem kolejowym. Prawdopodobnie to w\u0142a\u015bnie pod niego wszed\u0142 cz\u0142owiek, kt\u00f3rego cia\u0142o znaleziono w pobli\u017cu. <\/p>\n<p>Dok\u0142adna lokalizacja zdarzenia to wiadukt przy kompleksie Piaski &#8211; Szczygliczka, gdzie jeden tory biegn\u0105 do\u0142em na Kalisz, a g\u00f3r\u0105 na Pozna\u0144.  <\/p>\n<p>Trwaj\u0105 ogl\u0119dziny miejsca zdarzenia. <\/p>\n<p><img loading=\"lazy\" decoding=\"async\" src=\"https:\/\/ostrowskatv.pl\/wp-content\/uploads\/2022\/06\/pociag3-01.jpeg\" alt=\"\" width=\"1366\" height=\"817\" class=\"alignnone size-full wp-image-20020\" srcset=\"https:\/\/ostrowskatv.pl\/wp-content\/uploads\/2022\/06\/pociag3-01.jpeg 1366w, https:\/\/ostrowskatv.pl\/wp-content\/uploads\/2022\/06\/pociag3-01-300x179.jpeg 300w, https:\/\/ostrowskatv.pl\/wp-content\/uploads\/2022\/06\/pociag3-01-602x360.jpeg 602w\" sizes=\"auto, (max-width: 1366px) 100vw, 1366px\" \/><\/p>\n<p>Zdj\u0119cie tytu\u0142owe pogl\u0105dowe. <\/p>\n","protected":false},"excerpt":{"rendered":"Po godzinie 14 do s\u0142u\u017cb dotar\u0142a informacja o ciele cz\u0142owieka w pobli\u017cu przejazdu kolejowego pomi\u0119dzy Ostrowem Wielkopolskim, a Franklinowem. Na miejscu okaza\u0142o si\u0119, \n<a class=\"moretag\" href=\"https:\/\/ostrowskatv.pl\/?p=20018\"> [...]<\/a>","protected":false},"author":1,"featured_media":1801,"comment_status":"open","ping_status":"closed","sticky":false,"template":"","format":"standard","meta":{"footnotes":""},"categories":[1],"tags":[2],"class_list":["post-20018","post","type-post","status-publish","format-standard","has-post-thumbnail","hentry","category-news","tag-ostrow-wielkopolski"],"_links":{"self":[{"href":"https:\/\/ostrowskatv.pl\/index.php?rest_route=\/wp\/v2\/posts\/20018","targetHints":{"allow":["GET"]}}],"collection":[{"href":"https:\/\/ostrowskatv.pl\/index.php?rest_route=\/wp\/v2\/posts"}],"about":[{"href":"https:\/\/ostrowskatv.pl\/index.php?rest_route=\/wp\/v2\/types\/post"}],"author":[{"embeddable":true,"href":"https:\/\/ostrowskatv.pl\/index.php?rest_route=\/wp\/v2\/users\/1"}],"replies":[{"embeddable":true,"href":"https:\/\/ostrowskatv.pl\/index.php?rest_route=%2Fwp%2Fv2%2Fcomments&post=20018"}],"version-history":[{"count":0,"href":"https:\/\/ostrowskatv.pl\/index.php?rest_route=\/wp\/v2\/posts\/20018\/revisions"}],"wp:featuredmedia":[{"embeddable":true,"href":"https:\/\/ostrowskatv.pl\/index.php?rest_route=\/wp\/v2\/media\/1801"}],"wp:attachment":[{"href":"https:\/\/ostrowskatv.pl\/index.php?rest_route=%2Fwp%2Fv2%2Fmedia&parent=20018"}],"wp:term":[{"taxonomy":"category","embeddable":true,"href":"https:\/\/ostrowskatv.pl\/index.php?rest_route=%2Fwp%2Fv2%2Fcategories&post=20018"},{"taxonomy":"post_tag","embeddable":true,"href":"https:\/\/ostrowskatv.pl\/index.php?rest_route=%2Fwp%2Fv2%2Ftags&post=20018"}],"curies":[{"name":"wp","href":"https:\/\/api.w.org\/{rel}","templated":true}]}}