{"id":20016,"date":"2022-06-26T06:43:08","date_gmt":"2022-06-26T05:43:08","guid":{"rendered":"https:\/\/ostrowskatv.pl\/?p=20016"},"modified":"2022-06-26T06:43:08","modified_gmt":"2022-06-26T05:43:08","slug":"tragedia-na-jednosladzie","status":"publish","type":"post","link":"https:\/\/ostrowskatv.pl\/?p=20016","title":{"rendered":"Tragedia na jedno\u015bladzie"},"content":{"rendered":"<p>Do tragicznego w skutkach wypadku dosz\u0142o w sobot\u0119 przed p\u00f3\u0142noc\u0105. W Brzezinach (powiat kaliski) na ulicy Kordeckiego 40-letni kierowca skutera poni\u00f3s\u0142 \u015bmier\u0107 na miejscu.<\/p>\n<p>Ze wst\u0119pnych ustale\u0144 wynika, \u017ce jad\u0105c jedno\u015bladem z nieznanych przyczyn zjecha\u0142 z drogi, wjecha\u0142 do rowu i uderzy\u0142 w przepust melioracyjny. Na miejscu interweniowali stra\u017cacy, kt\u00f3rzy pomagali reanimowa\u0107 m\u0119\u017cczyzn\u0119. Te dzia\u0142ania ratownicze nie przynios\u0142y tym razem oczekiwanych rezultat\u00f3w.<\/p>\n","protected":false},"excerpt":{"rendered":"Do tragicznego w skutkach wypadku dosz\u0142o w sobot\u0119 przed p\u00f3\u0142noc\u0105. W Brzezinach (powiat kaliski) na ulicy Kordeckiego 40-letni kierowca skutera poni\u00f3s\u0142 \u015bmier\u0107 na \n<a class=\"moretag\" href=\"https:\/\/ostrowskatv.pl\/?p=20016\"> [...]<\/a>","protected":false},"author":1,"featured_media":18202,"comment_status":"open","ping_status":"closed","sticky":false,"template":"","format":"standard","meta":{"footnotes":""},"categories":[1],"tags":[],"class_list":["post-20016","post","type-post","status-publish","format-standard","has-post-thumbnail","hentry","category-news"],"_links":{"self":[{"href":"https:\/\/ostrowskatv.pl\/index.php?rest_route=\/wp\/v2\/posts\/20016","targetHints":{"allow":["GET"]}}],"collection":[{"href":"https:\/\/ostrowskatv.pl\/index.php?rest_route=\/wp\/v2\/posts"}],"about":[{"href":"https:\/\/ostrowskatv.pl\/index.php?rest_route=\/wp\/v2\/types\/post"}],"author":[{"embeddable":true,"href":"https:\/\/ostrowskatv.pl\/index.php?rest_route=\/wp\/v2\/users\/1"}],"replies":[{"embeddable":true,"href":"https:\/\/ostrowskatv.pl\/index.php?rest_route=%2Fwp%2Fv2%2Fcomments&post=20016"}],"version-history":[{"count":0,"href":"https:\/\/ostrowskatv.pl\/index.php?rest_route=\/wp\/v2\/posts\/20016\/revisions"}],"wp:featuredmedia":[{"embeddable":true,"href":"https:\/\/ostrowskatv.pl\/index.php?rest_route=\/wp\/v2\/media\/18202"}],"wp:attachment":[{"href":"https:\/\/ostrowskatv.pl\/index.php?rest_route=%2Fwp%2Fv2%2Fmedia&parent=20016"}],"wp:term":[{"taxonomy":"category","embeddable":true,"href":"https:\/\/ostrowskatv.pl\/index.php?rest_route=%2Fwp%2Fv2%2Fcategories&post=20016"},{"taxonomy":"post_tag","embeddable":true,"href":"https:\/\/ostrowskatv.pl\/index.php?rest_route=%2Fwp%2Fv2%2Ftags&post=20016"}],"curies":[{"name":"wp","href":"https:\/\/api.w.org\/{rel}","templated":true}]}}