{"id":19995,"date":"2022-06-21T14:18:36","date_gmt":"2022-06-21T13:18:36","guid":{"rendered":"https:\/\/ostrowskatv.pl\/?p=19995"},"modified":"2022-06-21T14:18:36","modified_gmt":"2022-06-21T13:18:36","slug":"bedzie-referendum-w-sprawie-spalarni-odpadow","status":"publish","type":"post","link":"https:\/\/ostrowskatv.pl\/?p=19995","title":{"rendered":"B\u0119dzie referendum w sprawie spalarni odpad\u00f3w"},"content":{"rendered":"<p><strong>Radny Zygmunt Banasiak z grupy trzymaj\u0105cej w\u0142adz\u0119 w Ostrowie Wielkopolskim og\u0142osi\u0142 na konferencji, \u017ce prezydent Beata Klimek og\u0142osi referendum w sprawie budowy spalarni odpad\u00f3w. Ta mia\u0142aby si\u0119 znale\u017a\u0107 na terenach ZNTK.<\/strong><\/p>\n<p>Ta decyzja ma by\u0107 pok\u0142osiem g\u0142os\u00f3w przeciwnych odno\u015bnie budowy obiektu. Argumentami przeciwko s\u0105:<\/p>\n<p>&#8211; spadek warto\u015bci nieruchomo\u015bci w pobli\u017cu<\/p>\n<p>&#8211; spalania wyemituje 1,25 ton powoduj\u0105cych smog<\/p>\n<p>&#8211; odpady z Ostrowa maj\u0105 stanowi\u0107 oko\u0142o 42%<\/p>\n<p>&#8211; Unia Europejska nakazuje ograniczy\u0107 spalanie odpad\u00f3w<\/p>\n<p><img loading=\"lazy\" decoding=\"async\" src=\"https:\/\/ostrowskatv.pl\/wp-content\/uploads\/2022\/06\/20220621_145710-01.jpeg\" alt=\"\" width=\"909\" height=\"1366\" class=\"alignnone size-full wp-image-19996\" srcset=\"https:\/\/ostrowskatv.pl\/wp-content\/uploads\/2022\/06\/20220621_145710-01.jpeg 909w, https:\/\/ostrowskatv.pl\/wp-content\/uploads\/2022\/06\/20220621_145710-01-200x300.jpeg 200w, https:\/\/ostrowskatv.pl\/wp-content\/uploads\/2022\/06\/20220621_145710-01-240x360.jpeg 240w\" sizes=\"auto, (max-width: 909px) 100vw, 909px\" \/><\/p>\n<p><img loading=\"lazy\" decoding=\"async\" src=\"https:\/\/ostrowskatv.pl\/wp-content\/uploads\/2022\/06\/20220621_145705-01.jpeg\" alt=\"\" width=\"946\" height=\"1366\" class=\"alignnone size-full wp-image-19997\" srcset=\"https:\/\/ostrowskatv.pl\/wp-content\/uploads\/2022\/06\/20220621_145705-01.jpeg 946w, https:\/\/ostrowskatv.pl\/wp-content\/uploads\/2022\/06\/20220621_145705-01-208x300.jpeg 208w, https:\/\/ostrowskatv.pl\/wp-content\/uploads\/2022\/06\/20220621_145705-01-249x360.jpeg 249w\" sizes=\"auto, (max-width: 946px) 100vw, 946px\" \/><\/p>\n<p><img loading=\"lazy\" decoding=\"async\" src=\"https:\/\/ostrowskatv.pl\/wp-content\/uploads\/2022\/06\/20220621_145643-01.jpeg\" alt=\"\" width=\"1366\" height=\"791\" class=\"alignnone size-full wp-image-19998\" srcset=\"https:\/\/ostrowskatv.pl\/wp-content\/uploads\/2022\/06\/20220621_145643-01.jpeg 1366w, https:\/\/ostrowskatv.pl\/wp-content\/uploads\/2022\/06\/20220621_145643-01-300x174.jpeg 300w, https:\/\/ostrowskatv.pl\/wp-content\/uploads\/2022\/06\/20220621_145643-01-622x360.jpeg 622w\" sizes=\"auto, (max-width: 1366px) 100vw, 1366px\" \/><\/p>\n","protected":false},"excerpt":{"rendered":"Radny Zygmunt Banasiak z grupy trzymaj\u0105cej w\u0142adz\u0119 w Ostrowie Wielkopolskim og\u0142osi\u0142 na konferencji, \u017ce prezydent Beata Klimek og\u0142osi referendum w sprawie budowy spalarni \n<a class=\"moretag\" href=\"https:\/\/ostrowskatv.pl\/?p=19995\"> [...]<\/a>","protected":false},"author":1,"featured_media":19998,"comment_status":"open","ping_status":"closed","sticky":false,"template":"","format":"standard","meta":{"footnotes":""},"categories":[1],"tags":[2],"class_list":["post-19995","post","type-post","status-publish","format-standard","has-post-thumbnail","hentry","category-news","tag-ostrow-wielkopolski"],"_links":{"self":[{"href":"https:\/\/ostrowskatv.pl\/index.php?rest_route=\/wp\/v2\/posts\/19995","targetHints":{"allow":["GET"]}}],"collection":[{"href":"https:\/\/ostrowskatv.pl\/index.php?rest_route=\/wp\/v2\/posts"}],"about":[{"href":"https:\/\/ostrowskatv.pl\/index.php?rest_route=\/wp\/v2\/types\/post"}],"author":[{"embeddable":true,"href":"https:\/\/ostrowskatv.pl\/index.php?rest_route=\/wp\/v2\/users\/1"}],"replies":[{"embeddable":true,"href":"https:\/\/ostrowskatv.pl\/index.php?rest_route=%2Fwp%2Fv2%2Fcomments&post=19995"}],"version-history":[{"count":0,"href":"https:\/\/ostrowskatv.pl\/index.php?rest_route=\/wp\/v2\/posts\/19995\/revisions"}],"wp:featuredmedia":[{"embeddable":true,"href":"https:\/\/ostrowskatv.pl\/index.php?rest_route=\/wp\/v2\/media\/19998"}],"wp:attachment":[{"href":"https:\/\/ostrowskatv.pl\/index.php?rest_route=%2Fwp%2Fv2%2Fmedia&parent=19995"}],"wp:term":[{"taxonomy":"category","embeddable":true,"href":"https:\/\/ostrowskatv.pl\/index.php?rest_route=%2Fwp%2Fv2%2Fcategories&post=19995"},{"taxonomy":"post_tag","embeddable":true,"href":"https:\/\/ostrowskatv.pl\/index.php?rest_route=%2Fwp%2Fv2%2Ftags&post=19995"}],"curies":[{"name":"wp","href":"https:\/\/api.w.org\/{rel}","templated":true}]}}