{"id":19964,"date":"2022-06-20T09:18:45","date_gmt":"2022-06-20T08:18:45","guid":{"rendered":"https:\/\/ostrowskatv.pl\/?p=19964"},"modified":"2022-06-20T09:18:45","modified_gmt":"2022-06-20T08:18:45","slug":"zawodowy-kierowca-zle-obliczyl-zdjecia","status":"publish","type":"post","link":"https:\/\/ostrowskatv.pl\/?p=19964","title":{"rendered":"Zawodowy kierowca \u017ale obliczy\u0142 (ZDJ\u0118CIA)"},"content":{"rendered":"<p><strong>B\u0142\u0119dy mog\u0105 przydarzy\u0107 si\u0119 ka\u017cdemu, nawet zawodowemu kierowcy. Jeden z przedstawicieli tej grupy chcia\u0142 dojecha\u0107 do firmy w miejscowo\u015bci Chot\u00f3w (gm. Nowe Skalmierzyce).<\/strong><\/p>\n<p>Na ostatnim zakr\u0119cie \u017ale obliczy\u0142 mo\u017cliwo\u015b\u0107 wykonania manewru. Naczepa zjecha\u0142a z drogi i wpad\u0142a cz\u0119\u015bciowo do rowu uszkadzaj\u0105c betonowy mostek. Nikomu nic si\u0119 nie sta\u0142o. Na miejsce wezwano policj\u0119, kt\u00f3ra rozliczy\u0142a sprawc\u0119 kolizji.<\/p>\n<p><img loading=\"lazy\" decoding=\"async\" src=\"https:\/\/ostrowskatv.pl\/wp-content\/uploads\/2022\/06\/20220620_093256-01.jpeg\" alt=\"\" width=\"1366\" height=\"781\" class=\"alignnone size-full wp-image-19965\" srcset=\"https:\/\/ostrowskatv.pl\/wp-content\/uploads\/2022\/06\/20220620_093256-01.jpeg 1366w, https:\/\/ostrowskatv.pl\/wp-content\/uploads\/2022\/06\/20220620_093256-01-300x172.jpeg 300w, https:\/\/ostrowskatv.pl\/wp-content\/uploads\/2022\/06\/20220620_093256-01-630x360.jpeg 630w\" sizes=\"auto, (max-width: 1366px) 100vw, 1366px\" \/><\/p>\n<p><img loading=\"lazy\" decoding=\"async\" src=\"https:\/\/ostrowskatv.pl\/wp-content\/uploads\/2022\/06\/20220620_093306-01.jpeg\" alt=\"\" width=\"1366\" height=\"1025\" class=\"alignnone size-full wp-image-19966\" srcset=\"https:\/\/ostrowskatv.pl\/wp-content\/uploads\/2022\/06\/20220620_093306-01.jpeg 1366w, https:\/\/ostrowskatv.pl\/wp-content\/uploads\/2022\/06\/20220620_093306-01-300x225.jpeg 300w, https:\/\/ostrowskatv.pl\/wp-content\/uploads\/2022\/06\/20220620_093306-01-480x360.jpeg 480w\" sizes=\"auto, (max-width: 1366px) 100vw, 1366px\" \/><\/p>\n<p><img loading=\"lazy\" decoding=\"async\" src=\"https:\/\/ostrowskatv.pl\/wp-content\/uploads\/2022\/06\/20220620_093404-01.jpeg\" alt=\"\" width=\"1366\" height=\"872\" class=\"alignnone size-full wp-image-19967\" srcset=\"https:\/\/ostrowskatv.pl\/wp-content\/uploads\/2022\/06\/20220620_093404-01.jpeg 1366w, https:\/\/ostrowskatv.pl\/wp-content\/uploads\/2022\/06\/20220620_093404-01-300x192.jpeg 300w, https:\/\/ostrowskatv.pl\/wp-content\/uploads\/2022\/06\/20220620_093404-01-564x360.jpeg 564w\" sizes=\"auto, (max-width: 1366px) 100vw, 1366px\" \/><\/p>\n<p><img loading=\"lazy\" decoding=\"async\" src=\"https:\/\/ostrowskatv.pl\/wp-content\/uploads\/2022\/06\/20220620_093447-01.jpeg\" alt=\"\" width=\"1366\" height=\"821\" class=\"alignnone size-full wp-image-19968\" srcset=\"https:\/\/ostrowskatv.pl\/wp-content\/uploads\/2022\/06\/20220620_093447-01.jpeg 1366w, https:\/\/ostrowskatv.pl\/wp-content\/uploads\/2022\/06\/20220620_093447-01-300x180.jpeg 300w, https:\/\/ostrowskatv.pl\/wp-content\/uploads\/2022\/06\/20220620_093447-01-599x360.jpeg 599w\" sizes=\"auto, (max-width: 1366px) 100vw, 1366px\" \/><\/p>\n<p><img loading=\"lazy\" decoding=\"async\" src=\"https:\/\/ostrowskatv.pl\/wp-content\/uploads\/2022\/06\/20220620_093457-01.jpeg\" alt=\"\" width=\"1366\" height=\"876\" class=\"alignnone size-full wp-image-19969\" srcset=\"https:\/\/ostrowskatv.pl\/wp-content\/uploads\/2022\/06\/20220620_093457-01.jpeg 1366w, https:\/\/ostrowskatv.pl\/wp-content\/uploads\/2022\/06\/20220620_093457-01-300x192.jpeg 300w, https:\/\/ostrowskatv.pl\/wp-content\/uploads\/2022\/06\/20220620_093457-01-561x360.jpeg 561w\" sizes=\"auto, (max-width: 1366px) 100vw, 1366px\" \/><\/p>\n<p><img loading=\"lazy\" decoding=\"async\" src=\"https:\/\/ostrowskatv.pl\/wp-content\/uploads\/2022\/06\/20220620_093516-01.jpeg\" alt=\"\" width=\"1366\" height=\"1025\" class=\"alignnone size-full wp-image-19970\" srcset=\"https:\/\/ostrowskatv.pl\/wp-content\/uploads\/2022\/06\/20220620_093516-01.jpeg 1366w, https:\/\/ostrowskatv.pl\/wp-content\/uploads\/2022\/06\/20220620_093516-01-300x225.jpeg 300w, https:\/\/ostrowskatv.pl\/wp-content\/uploads\/2022\/06\/20220620_093516-01-480x360.jpeg 480w\" sizes=\"auto, (max-width: 1366px) 100vw, 1366px\" \/><\/p>\n<p><img loading=\"lazy\" decoding=\"async\" src=\"https:\/\/ostrowskatv.pl\/wp-content\/uploads\/2022\/06\/20220620_093524-01.jpeg\" alt=\"\" width=\"1366\" height=\"1025\" class=\"alignnone size-full wp-image-19971\" srcset=\"https:\/\/ostrowskatv.pl\/wp-content\/uploads\/2022\/06\/20220620_093524-01.jpeg 1366w, https:\/\/ostrowskatv.pl\/wp-content\/uploads\/2022\/06\/20220620_093524-01-300x225.jpeg 300w, https:\/\/ostrowskatv.pl\/wp-content\/uploads\/2022\/06\/20220620_093524-01-480x360.jpeg 480w\" sizes=\"auto, (max-width: 1366px) 100vw, 1366px\" \/><\/p>\n<p><img loading=\"lazy\" decoding=\"async\" src=\"https:\/\/ostrowskatv.pl\/wp-content\/uploads\/2022\/06\/20220620_093542-01.jpeg\" alt=\"\" width=\"1366\" height=\"811\" class=\"alignnone size-full wp-image-19972\" srcset=\"https:\/\/ostrowskatv.pl\/wp-content\/uploads\/2022\/06\/20220620_093542-01.jpeg 1366w, https:\/\/ostrowskatv.pl\/wp-content\/uploads\/2022\/06\/20220620_093542-01-300x178.jpeg 300w, https:\/\/ostrowskatv.pl\/wp-content\/uploads\/2022\/06\/20220620_093542-01-606x360.jpeg 606w\" sizes=\"auto, (max-width: 1366px) 100vw, 1366px\" \/><\/p>\n","protected":false},"excerpt":{"rendered":"B\u0142\u0119dy mog\u0105 przydarzy\u0107 si\u0119 ka\u017cdemu, nawet zawodowemu kierowcy. Jeden z przedstawicieli tej grupy chcia\u0142 dojecha\u0107 do firmy w miejscowo\u015bci Chot\u00f3w (gm. Nowe Skalmierzyce). \n<a class=\"moretag\" href=\"https:\/\/ostrowskatv.pl\/?p=19964\"> [...]<\/a>","protected":false},"author":1,"featured_media":19972,"comment_status":"open","ping_status":"closed","sticky":false,"template":"","format":"standard","meta":{"footnotes":""},"categories":[1],"tags":[48],"class_list":["post-19964","post","type-post","status-publish","format-standard","has-post-thumbnail","hentry","category-news","tag-kolizja"],"_links":{"self":[{"href":"https:\/\/ostrowskatv.pl\/index.php?rest_route=\/wp\/v2\/posts\/19964","targetHints":{"allow":["GET"]}}],"collection":[{"href":"https:\/\/ostrowskatv.pl\/index.php?rest_route=\/wp\/v2\/posts"}],"about":[{"href":"https:\/\/ostrowskatv.pl\/index.php?rest_route=\/wp\/v2\/types\/post"}],"author":[{"embeddable":true,"href":"https:\/\/ostrowskatv.pl\/index.php?rest_route=\/wp\/v2\/users\/1"}],"replies":[{"embeddable":true,"href":"https:\/\/ostrowskatv.pl\/index.php?rest_route=%2Fwp%2Fv2%2Fcomments&post=19964"}],"version-history":[{"count":0,"href":"https:\/\/ostrowskatv.pl\/index.php?rest_route=\/wp\/v2\/posts\/19964\/revisions"}],"wp:featuredmedia":[{"embeddable":true,"href":"https:\/\/ostrowskatv.pl\/index.php?rest_route=\/wp\/v2\/media\/19972"}],"wp:attachment":[{"href":"https:\/\/ostrowskatv.pl\/index.php?rest_route=%2Fwp%2Fv2%2Fmedia&parent=19964"}],"wp:term":[{"taxonomy":"category","embeddable":true,"href":"https:\/\/ostrowskatv.pl\/index.php?rest_route=%2Fwp%2Fv2%2Fcategories&post=19964"},{"taxonomy":"post_tag","embeddable":true,"href":"https:\/\/ostrowskatv.pl\/index.php?rest_route=%2Fwp%2Fv2%2Ftags&post=19964"}],"curies":[{"name":"wp","href":"https:\/\/api.w.org\/{rel}","templated":true}]}}