{"id":19940,"date":"2022-06-17T15:32:20","date_gmt":"2022-06-17T14:32:20","guid":{"rendered":"https:\/\/ostrowskatv.pl\/?p=19940"},"modified":"2022-06-17T15:32:38","modified_gmt":"2022-06-17T14:32:38","slug":"auto-zostalo-zmiazdzone-36-latek-nie-mial-zadnych-szans","status":"publish","type":"post","link":"https:\/\/ostrowskatv.pl\/?p=19940","title":{"rendered":"Auto zosta\u0142o zmia\u017cd\u017cone. 36-latek nie mia\u0142 \u017cadnych szans"},"content":{"rendered":"<p><strong>36-latek kieruj\u0105c mercedesem na zimowych oponach za \u0142ukiem drogi straci\u0142 panowanie nad autem i uderzy\u0142 w naro\u017cnik samochodu ci\u0119\u017carowego wioz\u0105cego pni \u015bci\u0119tych drzew. W wyniku odniesionych obra\u017ce\u0144 zgin\u0105\u0142 na miejscu.<\/strong><\/p>\n<p>Co ciekawe, zg\u0142aszaj\u0105cy poinformowa\u0142 s\u0142u\u017cby ratownicze o zderzeniu dw\u00f3ch aut osobowych. Stra\u017cacy na miejscu zauwa\u017cyli, \u017ce w zdarzeniu bierze udzia\u0142 samoch\u00f3d ci\u0119\u017carowy zarejestrowany w Kaliszu oraz osobowy mercedes z powiatu namys\u0142owskiego.<\/p>\n<p>Samoch\u00f3d ci\u0119\u017carowy po zderzeniu, przy uszkodzonym lewym kole zjecha\u0142 w prawo do rowu. Osob\u00f3wka przejecha\u0142a jeszcze spory odcinek drogi i r\u00f3wnie\u017c wjecha\u0142a do rowu po swojej stronie jazdy. <\/p>\n<p>Lewa cz\u0119\u015b\u0107 osob\u00f3wka zosta\u0142a zmia\u017cd\u017cona. 36-latek zgin\u0105\u0142 na miejscu. Natomiast 49-letniemu mieszka\u0144cowi powiatu wieruszowskiego, jad\u0105cemu ci\u0119\u017carowym volvo, nic powa\u017cnego si\u0119 nie sta\u0142o. <\/p>\n<p>Do wypadku dosz\u0142o dzisiaj po godzinie 10 na drodze krajowej nr 39 w powiecie k\u0119pi\u0144skim.<\/p>\n<p><img loading=\"lazy\" decoding=\"async\" src=\"https:\/\/ostrowskatv.pl\/wp-content\/uploads\/2022\/06\/20220617_133841-01.jpeg\" alt=\"\" width=\"1366\" height=\"959\" class=\"alignnone size-full wp-image-19942\" srcset=\"https:\/\/ostrowskatv.pl\/wp-content\/uploads\/2022\/06\/20220617_133841-01.jpeg 1366w, https:\/\/ostrowskatv.pl\/wp-content\/uploads\/2022\/06\/20220617_133841-01-300x211.jpeg 300w, https:\/\/ostrowskatv.pl\/wp-content\/uploads\/2022\/06\/20220617_133841-01-513x360.jpeg 513w, https:\/\/ostrowskatv.pl\/wp-content\/uploads\/2022\/06\/20220617_133841-01-120x85.jpeg 120w\" sizes=\"auto, (max-width: 1366px) 100vw, 1366px\" \/><\/p>\n<p><img loading=\"lazy\" decoding=\"async\" src=\"https:\/\/ostrowskatv.pl\/wp-content\/uploads\/2022\/06\/20220617_133844-01.jpeg\" alt=\"\" width=\"1366\" height=\"1025\" class=\"alignnone size-full wp-image-19943\" srcset=\"https:\/\/ostrowskatv.pl\/wp-content\/uploads\/2022\/06\/20220617_133844-01.jpeg 1366w, https:\/\/ostrowskatv.pl\/wp-content\/uploads\/2022\/06\/20220617_133844-01-300x225.jpeg 300w, https:\/\/ostrowskatv.pl\/wp-content\/uploads\/2022\/06\/20220617_133844-01-480x360.jpeg 480w\" sizes=\"auto, (max-width: 1366px) 100vw, 1366px\" \/><\/p>\n<p><img loading=\"lazy\" decoding=\"async\" src=\"https:\/\/ostrowskatv.pl\/wp-content\/uploads\/2022\/06\/20220617_134233-01.jpeg\" alt=\"\" width=\"1366\" height=\"726\" class=\"alignnone size-full wp-image-19944\" srcset=\"https:\/\/ostrowskatv.pl\/wp-content\/uploads\/2022\/06\/20220617_134233-01.jpeg 1366w, https:\/\/ostrowskatv.pl\/wp-content\/uploads\/2022\/06\/20220617_134233-01-300x159.jpeg 300w, https:\/\/ostrowskatv.pl\/wp-content\/uploads\/2022\/06\/20220617_134233-01-640x340.jpeg 640w\" sizes=\"auto, (max-width: 1366px) 100vw, 1366px\" \/><\/p>\n<p><img loading=\"lazy\" decoding=\"async\" src=\"https:\/\/ostrowskatv.pl\/wp-content\/uploads\/2022\/06\/20220617_134411-01.jpeg\" alt=\"\" width=\"1366\" height=\"1034\" class=\"alignnone size-full wp-image-19945\" srcset=\"https:\/\/ostrowskatv.pl\/wp-content\/uploads\/2022\/06\/20220617_134411-01.jpeg 1366w, https:\/\/ostrowskatv.pl\/wp-content\/uploads\/2022\/06\/20220617_134411-01-300x227.jpeg 300w, https:\/\/ostrowskatv.pl\/wp-content\/uploads\/2022\/06\/20220617_134411-01-476x360.jpeg 476w\" sizes=\"auto, (max-width: 1366px) 100vw, 1366px\" \/><\/p>\n<p><img loading=\"lazy\" decoding=\"async\" src=\"https:\/\/ostrowskatv.pl\/wp-content\/uploads\/2022\/06\/20220617_134418-01.jpeg\" alt=\"\" width=\"1366\" height=\"1025\" class=\"alignnone size-full wp-image-19946\" srcset=\"https:\/\/ostrowskatv.pl\/wp-content\/uploads\/2022\/06\/20220617_134418-01.jpeg 1366w, https:\/\/ostrowskatv.pl\/wp-content\/uploads\/2022\/06\/20220617_134418-01-300x225.jpeg 300w, https:\/\/ostrowskatv.pl\/wp-content\/uploads\/2022\/06\/20220617_134418-01-480x360.jpeg 480w\" sizes=\"auto, (max-width: 1366px) 100vw, 1366px\" \/><\/p>\n<p><img loading=\"lazy\" decoding=\"async\" src=\"https:\/\/ostrowskatv.pl\/wp-content\/uploads\/2022\/06\/20220617_134608-01.jpeg\" alt=\"\" width=\"1366\" height=\"1025\" class=\"alignnone size-full wp-image-19947\" srcset=\"https:\/\/ostrowskatv.pl\/wp-content\/uploads\/2022\/06\/20220617_134608-01.jpeg 1366w, https:\/\/ostrowskatv.pl\/wp-content\/uploads\/2022\/06\/20220617_134608-01-300x225.jpeg 300w, https:\/\/ostrowskatv.pl\/wp-content\/uploads\/2022\/06\/20220617_134608-01-480x360.jpeg 480w\" sizes=\"auto, (max-width: 1366px) 100vw, 1366px\" \/><\/p>\n<p><img loading=\"lazy\" decoding=\"async\" src=\"https:\/\/ostrowskatv.pl\/wp-content\/uploads\/2022\/06\/20220617_134619-01.jpeg\" alt=\"\" width=\"1025\" height=\"1366\" class=\"alignnone size-full wp-image-19948\" srcset=\"https:\/\/ostrowskatv.pl\/wp-content\/uploads\/2022\/06\/20220617_134619-01.jpeg 1025w, https:\/\/ostrowskatv.pl\/wp-content\/uploads\/2022\/06\/20220617_134619-01-225x300.jpeg 225w, https:\/\/ostrowskatv.pl\/wp-content\/uploads\/2022\/06\/20220617_134619-01-270x360.jpeg 270w\" sizes=\"auto, (max-width: 1025px) 100vw, 1025px\" \/><\/p>\n<p><img loading=\"lazy\" decoding=\"async\" src=\"https:\/\/ostrowskatv.pl\/wp-content\/uploads\/2022\/06\/20220617_134734-01.jpeg\" alt=\"\" width=\"1366\" height=\"739\" class=\"alignnone size-full wp-image-19949\" srcset=\"https:\/\/ostrowskatv.pl\/wp-content\/uploads\/2022\/06\/20220617_134734-01.jpeg 1366w, https:\/\/ostrowskatv.pl\/wp-content\/uploads\/2022\/06\/20220617_134734-01-300x162.jpeg 300w, https:\/\/ostrowskatv.pl\/wp-content\/uploads\/2022\/06\/20220617_134734-01-640x346.jpeg 640w\" sizes=\"auto, (max-width: 1366px) 100vw, 1366px\" \/> <\/p>\n","protected":false},"excerpt":{"rendered":"36-latek kieruj\u0105c mercedesem na zimowych oponach za \u0142ukiem drogi straci\u0142 panowanie nad autem i uderzy\u0142 w naro\u017cnik samochodu ci\u0119\u017carowego wioz\u0105cego pni \u015bci\u0119tych drzew. \n<a class=\"moretag\" href=\"https:\/\/ostrowskatv.pl\/?p=19940\"> [...]<\/a>","protected":false},"author":1,"featured_media":19946,"comment_status":"open","ping_status":"closed","sticky":false,"template":"","format":"standard","meta":{"footnotes":""},"categories":[1],"tags":[11],"class_list":["post-19940","post","type-post","status-publish","format-standard","has-post-thumbnail","hentry","category-news","tag-wypadek"],"_links":{"self":[{"href":"https:\/\/ostrowskatv.pl\/index.php?rest_route=\/wp\/v2\/posts\/19940","targetHints":{"allow":["GET"]}}],"collection":[{"href":"https:\/\/ostrowskatv.pl\/index.php?rest_route=\/wp\/v2\/posts"}],"about":[{"href":"https:\/\/ostrowskatv.pl\/index.php?rest_route=\/wp\/v2\/types\/post"}],"author":[{"embeddable":true,"href":"https:\/\/ostrowskatv.pl\/index.php?rest_route=\/wp\/v2\/users\/1"}],"replies":[{"embeddable":true,"href":"https:\/\/ostrowskatv.pl\/index.php?rest_route=%2Fwp%2Fv2%2Fcomments&post=19940"}],"version-history":[{"count":0,"href":"https:\/\/ostrowskatv.pl\/index.php?rest_route=\/wp\/v2\/posts\/19940\/revisions"}],"wp:featuredmedia":[{"embeddable":true,"href":"https:\/\/ostrowskatv.pl\/index.php?rest_route=\/wp\/v2\/media\/19946"}],"wp:attachment":[{"href":"https:\/\/ostrowskatv.pl\/index.php?rest_route=%2Fwp%2Fv2%2Fmedia&parent=19940"}],"wp:term":[{"taxonomy":"category","embeddable":true,"href":"https:\/\/ostrowskatv.pl\/index.php?rest_route=%2Fwp%2Fv2%2Fcategories&post=19940"},{"taxonomy":"post_tag","embeddable":true,"href":"https:\/\/ostrowskatv.pl\/index.php?rest_route=%2Fwp%2Fv2%2Ftags&post=19940"}],"curies":[{"name":"wp","href":"https:\/\/api.w.org\/{rel}","templated":true}]}}