{"id":1991,"date":"2016-08-05T17:06:13","date_gmt":"2016-08-05T16:06:13","guid":{"rendered":"http:\/\/ostrowska.tv\/?p=1991"},"modified":"2016-08-05T17:55:26","modified_gmt":"2016-08-05T16:55:26","slug":"powazny-wypadek-w-sobotce-byla-skuteczna-reanimacja","status":"publish","type":"post","link":"https:\/\/ostrowskatv.pl\/?p=1991","title":{"rendered":"Powa\u017cny wypadek w Sob\u00f3tce. By\u0142a skuteczna reanimacja"},"content":{"rendered":"<p><strong>O godzinie 16:30 na drodze krajowej nr 11 dosz\u0142o do powa\u017cnego wypadku. Z bocznej drogi wyjecha\u0142 samochodem Audi mieszkaniec Sob\u00f3tki. Nie ust\u0105pi\u0142 pierwsze\u0144stwa i doprowadzi\u0142 do zderzenia z Fordem Focusem. M\u0119\u017cczyzna z Audi jecha\u0142 prawdopodobnie bez pas\u00f3w bezpiecze\u0144stwa. G\u0142ow\u0105 uderzy\u0142 w przedni\u0105 szyb\u0119. Po zdarzeniu jego korpus zwisa\u0142 z auta,\u00a0 a nogi by\u0142y na siedzeniu.<\/strong><\/p>\n<p>Na szcz\u0119\u015bcie przyje\u017cd\u017ca\u0142 tamt\u0119dy jeden z ostrowskich policjant\u00f3w b\u0119d\u0105cych po s\u0142u\u017cbie. Rozpocz\u0105\u0142 reanimacj\u0119,\u00a0 kt\u00f3r\u0105 p\u00f3\u017aniej przej\u0119li stra\u017cacy z OSP Sob\u00f3tka. Nast\u0119pnie dojechali stra\u017cacy z Ostrowa Wlkp. i tu\u017c za nimi karetki pogotowia. W sumie oko\u0142o 15-20 minutowa przynios\u0142a\u00a0 bardzo dobry efekt. Przywr\u00f3cono akcj\u0119 serca. Poszkodowanego karetka zabra\u0142a do ostrowskiego szpitala. Droga jest zablokowana. Fordem jecha\u0142o trzech m\u0119\u017cczyzn z Pleszewa. Doznali og\u00f3lnych pot\u0142ucze\u0144.<\/p>\n<div id='gallery-1' class='gallery galleryid-1991 gallery-columns-3 gallery-size-thumbnail'><figure class='gallery-item'>\n\t\t\t<div class='gallery-icon landscape'>\n\t\t\t\t<a href='https:\/\/ostrowskatv.pl\/?attachment_id=1990'><img loading=\"lazy\" decoding=\"async\" width=\"150\" height=\"150\" src=\"https:\/\/ostrowskatv.pl\/wp-content\/uploads\/2016\/08\/tmp_26781-sobotka1-398842001-150x150.jpg\" class=\"attachment-thumbnail size-thumbnail\" alt=\"\" \/><\/a>\n\t\t\t<\/div><\/figure><figure class='gallery-item'>\n\t\t\t<div class='gallery-icon landscape'>\n\t\t\t\t<a href='https:\/\/ostrowskatv.pl\/?attachment_id=1989'><img loading=\"lazy\" decoding=\"async\" width=\"150\" height=\"150\" src=\"https:\/\/ostrowskatv.pl\/wp-content\/uploads\/2016\/08\/tmp_26781-sobotka21197622257-150x150.jpg\" class=\"attachment-thumbnail size-thumbnail\" alt=\"\" \/><\/a>\n\t\t\t<\/div><\/figure><figure class='gallery-item'>\n\t\t\t<div class='gallery-icon landscape'>\n\t\t\t\t<a href='https:\/\/ostrowskatv.pl\/?attachment_id=1988'><img loading=\"lazy\" decoding=\"async\" width=\"150\" height=\"150\" src=\"https:\/\/ostrowskatv.pl\/wp-content\/uploads\/2016\/08\/tmp_26781-sobotka31998157341-150x150.jpg\" class=\"attachment-thumbnail size-thumbnail\" alt=\"\" \/><\/a>\n\t\t\t<\/div><\/figure><figure class='gallery-item'>\n\t\t\t<div class='gallery-icon landscape'>\n\t\t\t\t<a href='https:\/\/ostrowskatv.pl\/?attachment_id=1987'><img loading=\"lazy\" decoding=\"async\" width=\"150\" height=\"150\" src=\"https:\/\/ostrowskatv.pl\/wp-content\/uploads\/2016\/08\/tmp_26781-sobotka4-507478372-150x150.jpg\" class=\"attachment-thumbnail size-thumbnail\" alt=\"\" \/><\/a>\n\t\t\t<\/div><\/figure><figure class='gallery-item'>\n\t\t\t<div class='gallery-icon landscape'>\n\t\t\t\t<a href='https:\/\/ostrowskatv.pl\/?attachment_id=1994'><img loading=\"lazy\" decoding=\"async\" width=\"150\" height=\"150\" src=\"https:\/\/ostrowskatv.pl\/wp-content\/uploads\/2016\/08\/tmp_26781-sobotka5-971349374-150x150.jpg\" class=\"attachment-thumbnail size-thumbnail\" alt=\"\" \/><\/a>\n\t\t\t<\/div><\/figure>\n\t\t<\/div>\n\n","protected":false},"excerpt":{"rendered":"O godzinie 16:30 na drodze krajowej nr 11 dosz\u0142o do powa\u017cnego wypadku. Z bocznej drogi wyjecha\u0142 samochodem Audi mieszkaniec Sob\u00f3tki. Nie ust\u0105pi\u0142 pierwsze\u0144stwa \n<a class=\"moretag\" href=\"https:\/\/ostrowskatv.pl\/?p=1991\"> [...]<\/a>","protected":false},"author":1,"featured_media":1988,"comment_status":"open","ping_status":"open","sticky":false,"template":"","format":"standard","meta":{"footnotes":""},"categories":[1],"tags":[96],"class_list":["post-1991","post","type-post","status-publish","format-standard","has-post-thumbnail","hentry","category-news","tag-sobotka"],"_links":{"self":[{"href":"https:\/\/ostrowskatv.pl\/index.php?rest_route=\/wp\/v2\/posts\/1991","targetHints":{"allow":["GET"]}}],"collection":[{"href":"https:\/\/ostrowskatv.pl\/index.php?rest_route=\/wp\/v2\/posts"}],"about":[{"href":"https:\/\/ostrowskatv.pl\/index.php?rest_route=\/wp\/v2\/types\/post"}],"author":[{"embeddable":true,"href":"https:\/\/ostrowskatv.pl\/index.php?rest_route=\/wp\/v2\/users\/1"}],"replies":[{"embeddable":true,"href":"https:\/\/ostrowskatv.pl\/index.php?rest_route=%2Fwp%2Fv2%2Fcomments&post=1991"}],"version-history":[{"count":0,"href":"https:\/\/ostrowskatv.pl\/index.php?rest_route=\/wp\/v2\/posts\/1991\/revisions"}],"wp:featuredmedia":[{"embeddable":true,"href":"https:\/\/ostrowskatv.pl\/index.php?rest_route=\/wp\/v2\/media\/1988"}],"wp:attachment":[{"href":"https:\/\/ostrowskatv.pl\/index.php?rest_route=%2Fwp%2Fv2%2Fmedia&parent=1991"}],"wp:term":[{"taxonomy":"category","embeddable":true,"href":"https:\/\/ostrowskatv.pl\/index.php?rest_route=%2Fwp%2Fv2%2Fcategories&post=1991"},{"taxonomy":"post_tag","embeddable":true,"href":"https:\/\/ostrowskatv.pl\/index.php?rest_route=%2Fwp%2Fv2%2Ftags&post=1991"}],"curies":[{"name":"wp","href":"https:\/\/api.w.org\/{rel}","templated":true}]}}