{"id":1985,"date":"2016-08-05T14:27:30","date_gmt":"2016-08-05T13:27:30","guid":{"rendered":"http:\/\/ostrowska.tv\/?p=1985"},"modified":"2016-08-05T14:27:30","modified_gmt":"2016-08-05T13:27:30","slug":"wypadek-kolo-franklinowa-przy-wiadukcie","status":"publish","type":"post","link":"https:\/\/ostrowskatv.pl\/?p=1985","title":{"rendered":"Wypadek ko\u0142o Franklinowa przy wiadukcie"},"content":{"rendered":"<p><strong>W pi\u0105tek o godzinie 15:00 dosz\u0142o do wypadku samochodu ci\u0119\u017carowego marki Mercedes z osob\u00f3wk\u0105 Opel Corsa. Do zdarzenia dosz\u0142o przy wiadukcie ko\u0142o Franklinowa.<\/strong><\/p>\n<p>\u017be wst\u0119pnych ustale\u0144 wynika,\u00a0 \u017ce kierowca ci\u0119\u017car\u00f3wki \u017ce wschodnim akcentem wyjecha\u0142 z podporz\u0105dkowanej przez co w jej bok wjecha\u0142 Opel. Kierowca osob\u00f3wki uskar\u017ca\u0142 si\u0119 na b\u00f3l szyi.<\/p>\n<p>Droga jest zablokowana.<\/p>\n<div id='gallery-1' class='gallery galleryid-1985 gallery-columns-3 gallery-size-thumbnail'><figure class='gallery-item'>\n\t\t\t<div class='gallery-icon landscape'>\n\t\t\t\t<a href='https:\/\/ostrowskatv.pl\/?attachment_id=1984'><img loading=\"lazy\" decoding=\"async\" width=\"150\" height=\"150\" src=\"https:\/\/ostrowskatv.pl\/wp-content\/uploads\/2016\/08\/tmp_5689-franklinow3253342191-150x150.jpg\" class=\"attachment-thumbnail size-thumbnail\" alt=\"\" \/><\/a>\n\t\t\t<\/div><\/figure><figure class='gallery-item'>\n\t\t\t<div class='gallery-icon landscape'>\n\t\t\t\t<a href='https:\/\/ostrowskatv.pl\/?attachment_id=1983'><img loading=\"lazy\" decoding=\"async\" width=\"150\" height=\"150\" src=\"https:\/\/ostrowskatv.pl\/wp-content\/uploads\/2016\/08\/tmp_5689-franklinow-auto1374144838-150x150.jpg\" class=\"attachment-thumbnail size-thumbnail\" alt=\"\" \/><\/a>\n\t\t\t<\/div><\/figure><figure class='gallery-item'>\n\t\t\t<div class='gallery-icon landscape'>\n\t\t\t\t<a href='https:\/\/ostrowskatv.pl\/?attachment_id=1982'><img loading=\"lazy\" decoding=\"async\" width=\"150\" height=\"150\" src=\"https:\/\/ostrowskatv.pl\/wp-content\/uploads\/2016\/08\/tmp_5689-franklinow-auto2-1656197078-150x150.jpg\" class=\"attachment-thumbnail size-thumbnail\" alt=\"\" \/><\/a>\n\t\t\t<\/div><\/figure>\n\t\t<\/div>\n\n","protected":false},"excerpt":{"rendered":"W pi\u0105tek o godzinie 15:00 dosz\u0142o do wypadku samochodu ci\u0119\u017carowego marki Mercedes z osob\u00f3wk\u0105 Opel Corsa. Do zdarzenia dosz\u0142o przy wiadukcie ko\u0142o Franklinowa. \n<a class=\"moretag\" href=\"https:\/\/ostrowskatv.pl\/?p=1985\"> [...]<\/a>","protected":false},"author":1,"featured_media":1983,"comment_status":"open","ping_status":"open","sticky":false,"template":"","format":"standard","meta":{"footnotes":""},"categories":[1],"tags":[87],"class_list":["post-1985","post","type-post","status-publish","format-standard","has-post-thumbnail","hentry","category-news","tag-franklinow"],"_links":{"self":[{"href":"https:\/\/ostrowskatv.pl\/index.php?rest_route=\/wp\/v2\/posts\/1985","targetHints":{"allow":["GET"]}}],"collection":[{"href":"https:\/\/ostrowskatv.pl\/index.php?rest_route=\/wp\/v2\/posts"}],"about":[{"href":"https:\/\/ostrowskatv.pl\/index.php?rest_route=\/wp\/v2\/types\/post"}],"author":[{"embeddable":true,"href":"https:\/\/ostrowskatv.pl\/index.php?rest_route=\/wp\/v2\/users\/1"}],"replies":[{"embeddable":true,"href":"https:\/\/ostrowskatv.pl\/index.php?rest_route=%2Fwp%2Fv2%2Fcomments&post=1985"}],"version-history":[{"count":0,"href":"https:\/\/ostrowskatv.pl\/index.php?rest_route=\/wp\/v2\/posts\/1985\/revisions"}],"wp:featuredmedia":[{"embeddable":true,"href":"https:\/\/ostrowskatv.pl\/index.php?rest_route=\/wp\/v2\/media\/1983"}],"wp:attachment":[{"href":"https:\/\/ostrowskatv.pl\/index.php?rest_route=%2Fwp%2Fv2%2Fmedia&parent=1985"}],"wp:term":[{"taxonomy":"category","embeddable":true,"href":"https:\/\/ostrowskatv.pl\/index.php?rest_route=%2Fwp%2Fv2%2Fcategories&post=1985"},{"taxonomy":"post_tag","embeddable":true,"href":"https:\/\/ostrowskatv.pl\/index.php?rest_route=%2Fwp%2Fv2%2Ftags&post=1985"}],"curies":[{"name":"wp","href":"https:\/\/api.w.org\/{rel}","templated":true}]}}