{"id":19768,"date":"2022-06-14T18:40:05","date_gmt":"2022-06-14T17:40:05","guid":{"rendered":"https:\/\/ostrowskatv.pl\/?p=19768"},"modified":"2022-06-14T18:40:05","modified_gmt":"2022-06-14T17:40:05","slug":"ford-pokiereszowany-po-spotkaniu-z-ciezarowka","status":"publish","type":"post","link":"https:\/\/ostrowskatv.pl\/?p=19768","title":{"rendered":"Ford pokiereszowany po spotkaniu z ci\u0119\u017car\u00f3wk\u0105"},"content":{"rendered":"<p><strong>Oko\u0142o godziny 18 dosz\u0142o do kolizji pomi\u0119dzy samochodem ci\u0119\u017carowym, a osobowym. W ci\u0119\u017car\u00f3wce zosta\u0142o uszkodzone ko\u0142o, naci\u0119ta opona oraz tylne \u015bwiat\u0142o. Osobowy ford zosta\u0142 pokiereszowany. \u017badna z os\u00f3b nie ucierpia\u0142a. Ruch odbywa\u0142 si\u0119 wahad\u0142owo. <\/strong><\/p>\n<p>Wezwano policj\u0119 do przeprowadzenia czynno\u015bci do kolizji oraz jednostk\u0119 OSP Czekan\u00f3w do posprz\u0105tania od\u0142amk\u00f3w z aut.<\/p>\n<p><img loading=\"lazy\" decoding=\"async\" src=\"https:\/\/ostrowskatv.pl\/wp-content\/uploads\/2022\/06\/20220614_185613-02.jpeg\" alt=\"\" width=\"1366\" height=\"825\" class=\"alignnone size-full wp-image-19769\" srcset=\"https:\/\/ostrowskatv.pl\/wp-content\/uploads\/2022\/06\/20220614_185613-02.jpeg 1366w, https:\/\/ostrowskatv.pl\/wp-content\/uploads\/2022\/06\/20220614_185613-02-300x181.jpeg 300w, https:\/\/ostrowskatv.pl\/wp-content\/uploads\/2022\/06\/20220614_185613-02-596x360.jpeg 596w\" sizes=\"auto, (max-width: 1366px) 100vw, 1366px\" \/><\/p>\n<p><img loading=\"lazy\" decoding=\"async\" src=\"https:\/\/ostrowskatv.pl\/wp-content\/uploads\/2022\/06\/20220614_185722-01.jpeg\" alt=\"\" width=\"1366\" height=\"1025\" class=\"alignnone size-full wp-image-19770\" srcset=\"https:\/\/ostrowskatv.pl\/wp-content\/uploads\/2022\/06\/20220614_185722-01.jpeg 1366w, https:\/\/ostrowskatv.pl\/wp-content\/uploads\/2022\/06\/20220614_185722-01-300x225.jpeg 300w, https:\/\/ostrowskatv.pl\/wp-content\/uploads\/2022\/06\/20220614_185722-01-480x360.jpeg 480w\" sizes=\"auto, (max-width: 1366px) 100vw, 1366px\" \/><\/p>\n<p><img loading=\"lazy\" decoding=\"async\" src=\"https:\/\/ostrowskatv.pl\/wp-content\/uploads\/2022\/06\/20220614_185728-01.jpeg\" alt=\"\" width=\"1366\" height=\"996\" class=\"alignnone size-full wp-image-19771\" srcset=\"https:\/\/ostrowskatv.pl\/wp-content\/uploads\/2022\/06\/20220614_185728-01.jpeg 1366w, https:\/\/ostrowskatv.pl\/wp-content\/uploads\/2022\/06\/20220614_185728-01-300x219.jpeg 300w, https:\/\/ostrowskatv.pl\/wp-content\/uploads\/2022\/06\/20220614_185728-01-494x360.jpeg 494w\" sizes=\"auto, (max-width: 1366px) 100vw, 1366px\" \/><\/p>\n<p><img loading=\"lazy\" decoding=\"async\" src=\"https:\/\/ostrowskatv.pl\/wp-content\/uploads\/2022\/06\/20220614_185829-01.jpeg\" alt=\"\" width=\"1025\" height=\"1366\" class=\"alignnone size-full wp-image-19772\" srcset=\"https:\/\/ostrowskatv.pl\/wp-content\/uploads\/2022\/06\/20220614_185829-01.jpeg 1025w, https:\/\/ostrowskatv.pl\/wp-content\/uploads\/2022\/06\/20220614_185829-01-225x300.jpeg 225w, https:\/\/ostrowskatv.pl\/wp-content\/uploads\/2022\/06\/20220614_185829-01-270x360.jpeg 270w\" sizes=\"auto, (max-width: 1025px) 100vw, 1025px\" \/><\/p>\n<p><img loading=\"lazy\" decoding=\"async\" src=\"https:\/\/ostrowskatv.pl\/wp-content\/uploads\/2022\/06\/20220614_185840-01.jpeg\" alt=\"\" width=\"1366\" height=\"1025\" class=\"alignnone size-full wp-image-19773\" srcset=\"https:\/\/ostrowskatv.pl\/wp-content\/uploads\/2022\/06\/20220614_185840-01.jpeg 1366w, https:\/\/ostrowskatv.pl\/wp-content\/uploads\/2022\/06\/20220614_185840-01-300x225.jpeg 300w, https:\/\/ostrowskatv.pl\/wp-content\/uploads\/2022\/06\/20220614_185840-01-480x360.jpeg 480w\" sizes=\"auto, (max-width: 1366px) 100vw, 1366px\" \/><\/p>\n<p><img loading=\"lazy\" decoding=\"async\" src=\"https:\/\/ostrowskatv.pl\/wp-content\/uploads\/2022\/06\/20220614_190020-01.jpeg\" alt=\"\" width=\"1366\" height=\"1025\" class=\"alignnone size-full wp-image-19774\" srcset=\"https:\/\/ostrowskatv.pl\/wp-content\/uploads\/2022\/06\/20220614_190020-01.jpeg 1366w, https:\/\/ostrowskatv.pl\/wp-content\/uploads\/2022\/06\/20220614_190020-01-300x225.jpeg 300w, https:\/\/ostrowskatv.pl\/wp-content\/uploads\/2022\/06\/20220614_190020-01-480x360.jpeg 480w\" sizes=\"auto, (max-width: 1366px) 100vw, 1366px\" \/><\/p>\n","protected":false},"excerpt":{"rendered":"Oko\u0142o godziny 18 dosz\u0142o do kolizji pomi\u0119dzy samochodem ci\u0119\u017carowym, a osobowym. W ci\u0119\u017car\u00f3wce zosta\u0142o uszkodzone ko\u0142o, naci\u0119ta opona oraz tylne \u015bwiat\u0142o. Osobowy ford \n<a class=\"moretag\" href=\"https:\/\/ostrowskatv.pl\/?p=19768\"> [...]<\/a>","protected":false},"author":1,"featured_media":19769,"comment_status":"open","ping_status":"closed","sticky":false,"template":"","format":"standard","meta":{"footnotes":""},"categories":[1],"tags":[98],"class_list":["post-19768","post","type-post","status-publish","format-standard","has-post-thumbnail","hentry","category-news","tag-czekanow"],"_links":{"self":[{"href":"https:\/\/ostrowskatv.pl\/index.php?rest_route=\/wp\/v2\/posts\/19768","targetHints":{"allow":["GET"]}}],"collection":[{"href":"https:\/\/ostrowskatv.pl\/index.php?rest_route=\/wp\/v2\/posts"}],"about":[{"href":"https:\/\/ostrowskatv.pl\/index.php?rest_route=\/wp\/v2\/types\/post"}],"author":[{"embeddable":true,"href":"https:\/\/ostrowskatv.pl\/index.php?rest_route=\/wp\/v2\/users\/1"}],"replies":[{"embeddable":true,"href":"https:\/\/ostrowskatv.pl\/index.php?rest_route=%2Fwp%2Fv2%2Fcomments&post=19768"}],"version-history":[{"count":0,"href":"https:\/\/ostrowskatv.pl\/index.php?rest_route=\/wp\/v2\/posts\/19768\/revisions"}],"wp:featuredmedia":[{"embeddable":true,"href":"https:\/\/ostrowskatv.pl\/index.php?rest_route=\/wp\/v2\/media\/19769"}],"wp:attachment":[{"href":"https:\/\/ostrowskatv.pl\/index.php?rest_route=%2Fwp%2Fv2%2Fmedia&parent=19768"}],"wp:term":[{"taxonomy":"category","embeddable":true,"href":"https:\/\/ostrowskatv.pl\/index.php?rest_route=%2Fwp%2Fv2%2Fcategories&post=19768"},{"taxonomy":"post_tag","embeddable":true,"href":"https:\/\/ostrowskatv.pl\/index.php?rest_route=%2Fwp%2Fv2%2Ftags&post=19768"}],"curies":[{"name":"wp","href":"https:\/\/api.w.org\/{rel}","templated":true}]}}