{"id":1975,"date":"2016-08-04T22:26:16","date_gmt":"2016-08-04T21:26:16","guid":{"rendered":"http:\/\/ostrowska.tv\/?p=1975"},"modified":"2016-08-04T22:26:16","modified_gmt":"2016-08-04T21:26:16","slug":"wypadek-w-szczurach-5-osob-poszkodowanych","status":"publish","type":"post","link":"https:\/\/ostrowskatv.pl\/?p=1975","title":{"rendered":"Wypadek w Szczurach. 5 os\u00f3b poszkodowanych"},"content":{"rendered":"<p><strong>W Szczurach na drodze krajowej nr 11 zderzy\u0142y si\u0119 dwa samochody osobowe. Obra\u017cenia odnios\u0142o 5 os\u00f3b, w tym dwoje dzieci. Na szcz\u0119\u015bcie by\u0142y to g\u0142\u00f3wnie st\u0142uczenia.<\/strong><\/p>\n<p>Do wypadku dosz\u0142o w czwartek przed godzin\u0105 13:00. Kierowca Volkswagena Golfa chcia\u0142 skr\u0119ci\u0107 z g\u0142\u00f3wnej drogi w stron\u0119 Raszkowa. Z przeciwka od strony Poznania jecha\u0142 Opel Astra. W wyniku nieust\u0105pienia pierwsze\u0144stwa przez pierwszego kierowc\u0119, dosz\u0142o do zderzenia, a w jego efekcie Opel wyjecha\u0142 poza drog\u0119.<\/p>\n<p>Na miejsce zadysponowano dwie karetki, oraz trzy zast\u0119py stra\u017cy po\u017carnej, z czego jedna OSP z Sob\u00f3tki. Poszkodowani wyszli z wrak\u00f3w aut o w\u0142asnych si\u0142ach. Kierowcy omijali miejsce zdarzenia przez gruntow\u0105 drog\u0119 biegn\u0105c\u0105 tu\u017c obok.<\/p>\n<div id='gallery-1' class='gallery galleryid-1975 gallery-columns-3 gallery-size-thumbnail'><figure class='gallery-item'>\n\t\t\t<div class='gallery-icon landscape'>\n\t\t\t\t<a href='https:\/\/ostrowskatv.pl\/?attachment_id=1977'><img loading=\"lazy\" decoding=\"async\" width=\"150\" height=\"150\" src=\"https:\/\/ostrowskatv.pl\/wp-content\/uploads\/2016\/08\/20160804_125240-150x150.jpg\" class=\"attachment-thumbnail size-thumbnail\" alt=\"\" \/><\/a>\n\t\t\t<\/div><\/figure><figure class='gallery-item'>\n\t\t\t<div class='gallery-icon landscape'>\n\t\t\t\t<a href='https:\/\/ostrowskatv.pl\/?attachment_id=1978'><img loading=\"lazy\" decoding=\"async\" width=\"150\" height=\"150\" src=\"https:\/\/ostrowskatv.pl\/wp-content\/uploads\/2016\/08\/20160804_125248-150x150.jpg\" class=\"attachment-thumbnail size-thumbnail\" alt=\"\" \/><\/a>\n\t\t\t<\/div><\/figure><figure class='gallery-item'>\n\t\t\t<div class='gallery-icon landscape'>\n\t\t\t\t<a href='https:\/\/ostrowskatv.pl\/?attachment_id=1979'><img loading=\"lazy\" decoding=\"async\" width=\"150\" height=\"150\" src=\"https:\/\/ostrowskatv.pl\/wp-content\/uploads\/2016\/08\/20160804_125329-150x150.jpg\" class=\"attachment-thumbnail size-thumbnail\" alt=\"\" \/><\/a>\n\t\t\t<\/div><\/figure><figure class='gallery-item'>\n\t\t\t<div class='gallery-icon landscape'>\n\t\t\t\t<a href='https:\/\/ostrowskatv.pl\/?attachment_id=1980'><img loading=\"lazy\" decoding=\"async\" width=\"150\" height=\"150\" src=\"https:\/\/ostrowskatv.pl\/wp-content\/uploads\/2016\/08\/20160804_125452-150x150.jpg\" class=\"attachment-thumbnail size-thumbnail\" alt=\"\" \/><\/a>\n\t\t\t<\/div><\/figure><figure class='gallery-item'>\n\t\t\t<div class='gallery-icon landscape'>\n\t\t\t\t<a href='https:\/\/ostrowskatv.pl\/?attachment_id=1976'><img loading=\"lazy\" decoding=\"async\" width=\"150\" height=\"150\" src=\"https:\/\/ostrowskatv.pl\/wp-content\/uploads\/2016\/08\/20160804_125226-150x150.jpg\" class=\"attachment-thumbnail size-thumbnail\" alt=\"\" \/><\/a>\n\t\t\t<\/div><\/figure>\n\t\t<\/div>\n\n","protected":false},"excerpt":{"rendered":"W Szczurach na drodze krajowej nr 11 zderzy\u0142y si\u0119 dwa samochody osobowe. Obra\u017cenia odnios\u0142o 5 os\u00f3b, w tym dwoje dzieci. Na szcz\u0119\u015bcie by\u0142y \n<a class=\"moretag\" href=\"https:\/\/ostrowskatv.pl\/?p=1975\"> [...]<\/a>","protected":false},"author":1,"featured_media":1976,"comment_status":"open","ping_status":"open","sticky":false,"template":"","format":"standard","meta":{"footnotes":""},"categories":[1],"tags":[95],"class_list":["post-1975","post","type-post","status-publish","format-standard","has-post-thumbnail","hentry","category-news","tag-szczury"],"_links":{"self":[{"href":"https:\/\/ostrowskatv.pl\/index.php?rest_route=\/wp\/v2\/posts\/1975","targetHints":{"allow":["GET"]}}],"collection":[{"href":"https:\/\/ostrowskatv.pl\/index.php?rest_route=\/wp\/v2\/posts"}],"about":[{"href":"https:\/\/ostrowskatv.pl\/index.php?rest_route=\/wp\/v2\/types\/post"}],"author":[{"embeddable":true,"href":"https:\/\/ostrowskatv.pl\/index.php?rest_route=\/wp\/v2\/users\/1"}],"replies":[{"embeddable":true,"href":"https:\/\/ostrowskatv.pl\/index.php?rest_route=%2Fwp%2Fv2%2Fcomments&post=1975"}],"version-history":[{"count":0,"href":"https:\/\/ostrowskatv.pl\/index.php?rest_route=\/wp\/v2\/posts\/1975\/revisions"}],"wp:featuredmedia":[{"embeddable":true,"href":"https:\/\/ostrowskatv.pl\/index.php?rest_route=\/wp\/v2\/media\/1976"}],"wp:attachment":[{"href":"https:\/\/ostrowskatv.pl\/index.php?rest_route=%2Fwp%2Fv2%2Fmedia&parent=1975"}],"wp:term":[{"taxonomy":"category","embeddable":true,"href":"https:\/\/ostrowskatv.pl\/index.php?rest_route=%2Fwp%2Fv2%2Fcategories&post=1975"},{"taxonomy":"post_tag","embeddable":true,"href":"https:\/\/ostrowskatv.pl\/index.php?rest_route=%2Fwp%2Fv2%2Ftags&post=1975"}],"curies":[{"name":"wp","href":"https:\/\/api.w.org\/{rel}","templated":true}]}}