{"id":19734,"date":"2022-06-13T10:11:45","date_gmt":"2022-06-13T09:11:45","guid":{"rendered":"https:\/\/ostrowskatv.pl\/?p=19734"},"modified":"2022-06-13T10:11:45","modified_gmt":"2022-06-13T09:11:45","slug":"wal-smialo-i-tak-ty-placisz-no-i-walnal","status":"publish","type":"post","link":"https:\/\/ostrowskatv.pl\/?p=19734","title":{"rendered":"&#8222;Wal \u015bmia\u0142o i tak ty p\u0142acisz&#8221; &#8211; no i waln\u0105\u0142"},"content":{"rendered":"<p><strong>Na skrzy\u017cowaniu ulic Pozna\u0144skiej i Krotoszy\u0144skiej w Ostrowie Wielkopolskim dosz\u0142o do kolizji dw\u00f3ch aut osobowych. Kierowca citroena Xsary picasso jad\u0105c ulic\u0105 Krotoszy\u0144sk\u0105 chcia\u0142 skr\u0119ci\u0107 w lewo w Pozna\u0144sk\u0105.<\/strong><\/p>\n<p>M\u0119\u017cczyzna pomy\u015bla\u0142, \u017ce jak ma zielone \u015bwiat\u0142o (do jazdy na wprost), to ma pierwsze\u0144stwo r\u00f3wnie\u017c przy skr\u0119cie. Z tego te\u017c b\u0142\u0119dnego rozumowania doprowadzi\u0142 do kolizji z seatem cordob\u0105 jad\u0105cym od centrum Ostrowa.<\/p>\n<p>Obu kierowcom i psu jad\u0105cemu citroenem nic si\u0119 nie sta\u0142o.<\/p>\n<p><img loading=\"lazy\" decoding=\"async\" src=\"https:\/\/ostrowskatv.pl\/wp-content\/uploads\/2022\/06\/20220613_104929-01.jpeg\" alt=\"\" width=\"1366\" height=\"952\" class=\"alignnone size-full wp-image-19735\" srcset=\"https:\/\/ostrowskatv.pl\/wp-content\/uploads\/2022\/06\/20220613_104929-01.jpeg 1366w, https:\/\/ostrowskatv.pl\/wp-content\/uploads\/2022\/06\/20220613_104929-01-300x209.jpeg 300w, https:\/\/ostrowskatv.pl\/wp-content\/uploads\/2022\/06\/20220613_104929-01-517x360.jpeg 517w, https:\/\/ostrowskatv.pl\/wp-content\/uploads\/2022\/06\/20220613_104929-01-120x85.jpeg 120w\" sizes=\"auto, (max-width: 1366px) 100vw, 1366px\" \/><\/p>\n<p><img loading=\"lazy\" decoding=\"async\" src=\"https:\/\/ostrowskatv.pl\/wp-content\/uploads\/2022\/06\/20220613_104941-01.jpeg\" alt=\"\" width=\"1366\" height=\"1025\" class=\"alignnone size-full wp-image-19736\" srcset=\"https:\/\/ostrowskatv.pl\/wp-content\/uploads\/2022\/06\/20220613_104941-01.jpeg 1366w, https:\/\/ostrowskatv.pl\/wp-content\/uploads\/2022\/06\/20220613_104941-01-300x225.jpeg 300w, https:\/\/ostrowskatv.pl\/wp-content\/uploads\/2022\/06\/20220613_104941-01-480x360.jpeg 480w\" sizes=\"auto, (max-width: 1366px) 100vw, 1366px\" \/><\/p>\n<p><img loading=\"lazy\" decoding=\"async\" src=\"https:\/\/ostrowskatv.pl\/wp-content\/uploads\/2022\/06\/20220613_104949-01.jpeg\" alt=\"\" width=\"1366\" height=\"1025\" class=\"alignnone size-full wp-image-19737\" srcset=\"https:\/\/ostrowskatv.pl\/wp-content\/uploads\/2022\/06\/20220613_104949-01.jpeg 1366w, https:\/\/ostrowskatv.pl\/wp-content\/uploads\/2022\/06\/20220613_104949-01-300x225.jpeg 300w, https:\/\/ostrowskatv.pl\/wp-content\/uploads\/2022\/06\/20220613_104949-01-480x360.jpeg 480w\" sizes=\"auto, (max-width: 1366px) 100vw, 1366px\" \/><\/p>\n<p><img loading=\"lazy\" decoding=\"async\" src=\"https:\/\/ostrowskatv.pl\/wp-content\/uploads\/2022\/06\/20220613_105703-01.jpeg\" alt=\"\" width=\"1366\" height=\"1025\" class=\"alignnone size-full wp-image-19738\" srcset=\"https:\/\/ostrowskatv.pl\/wp-content\/uploads\/2022\/06\/20220613_105703-01.jpeg 1366w, https:\/\/ostrowskatv.pl\/wp-content\/uploads\/2022\/06\/20220613_105703-01-300x225.jpeg 300w, https:\/\/ostrowskatv.pl\/wp-content\/uploads\/2022\/06\/20220613_105703-01-480x360.jpeg 480w\" sizes=\"auto, (max-width: 1366px) 100vw, 1366px\" \/><\/p>\n<p><img loading=\"lazy\" decoding=\"async\" src=\"https:\/\/ostrowskatv.pl\/wp-content\/uploads\/2022\/06\/20220613_105718-01.jpeg\" alt=\"\" width=\"1366\" height=\"903\" class=\"alignnone size-full wp-image-19739\" srcset=\"https:\/\/ostrowskatv.pl\/wp-content\/uploads\/2022\/06\/20220613_105718-01.jpeg 1366w, https:\/\/ostrowskatv.pl\/wp-content\/uploads\/2022\/06\/20220613_105718-01-300x198.jpeg 300w, https:\/\/ostrowskatv.pl\/wp-content\/uploads\/2022\/06\/20220613_105718-01-545x360.jpeg 545w\" sizes=\"auto, (max-width: 1366px) 100vw, 1366px\" \/><\/p>\n","protected":false},"excerpt":{"rendered":"Na skrzy\u017cowaniu ulic Pozna\u0144skiej i Krotoszy\u0144skiej w Ostrowie Wielkopolskim dosz\u0142o do kolizji dw\u00f3ch aut osobowych. Kierowca citroena Xsary picasso jad\u0105c ulic\u0105 Krotoszy\u0144sk\u0105 chcia\u0142 \n<a class=\"moretag\" href=\"https:\/\/ostrowskatv.pl\/?p=19734\"> [...]<\/a>","protected":false},"author":1,"featured_media":19738,"comment_status":"open","ping_status":"closed","sticky":false,"template":"","format":"standard","meta":{"footnotes":""},"categories":[1],"tags":[48],"class_list":["post-19734","post","type-post","status-publish","format-standard","has-post-thumbnail","hentry","category-news","tag-kolizja"],"_links":{"self":[{"href":"https:\/\/ostrowskatv.pl\/index.php?rest_route=\/wp\/v2\/posts\/19734","targetHints":{"allow":["GET"]}}],"collection":[{"href":"https:\/\/ostrowskatv.pl\/index.php?rest_route=\/wp\/v2\/posts"}],"about":[{"href":"https:\/\/ostrowskatv.pl\/index.php?rest_route=\/wp\/v2\/types\/post"}],"author":[{"embeddable":true,"href":"https:\/\/ostrowskatv.pl\/index.php?rest_route=\/wp\/v2\/users\/1"}],"replies":[{"embeddable":true,"href":"https:\/\/ostrowskatv.pl\/index.php?rest_route=%2Fwp%2Fv2%2Fcomments&post=19734"}],"version-history":[{"count":0,"href":"https:\/\/ostrowskatv.pl\/index.php?rest_route=\/wp\/v2\/posts\/19734\/revisions"}],"wp:featuredmedia":[{"embeddable":true,"href":"https:\/\/ostrowskatv.pl\/index.php?rest_route=\/wp\/v2\/media\/19738"}],"wp:attachment":[{"href":"https:\/\/ostrowskatv.pl\/index.php?rest_route=%2Fwp%2Fv2%2Fmedia&parent=19734"}],"wp:term":[{"taxonomy":"category","embeddable":true,"href":"https:\/\/ostrowskatv.pl\/index.php?rest_route=%2Fwp%2Fv2%2Fcategories&post=19734"},{"taxonomy":"post_tag","embeddable":true,"href":"https:\/\/ostrowskatv.pl\/index.php?rest_route=%2Fwp%2Fv2%2Ftags&post=19734"}],"curies":[{"name":"wp","href":"https:\/\/api.w.org\/{rel}","templated":true}]}}