{"id":1969,"date":"2016-08-02T20:00:14","date_gmt":"2016-08-02T19:00:14","guid":{"rendered":"http:\/\/ostrowska.tv\/?p=1969"},"modified":"2016-08-02T20:00:14","modified_gmt":"2016-08-02T19:00:14","slug":"niszczyli-groby-na-cmentarzu-przy-limanowskiego","status":"publish","type":"post","link":"https:\/\/ostrowskatv.pl\/?p=1969","title":{"rendered":"Niszczyli groby na cmentarzu przy Limanowskiego"},"content":{"rendered":"<div align=\"justify\"><strong>Ostrowscy<\/strong><strong> policjanci zatrzymali <\/strong><strong>trzech <\/strong><strong>m\u0119\u017cczyzn, kt\u00f3r<\/strong><strong>zy byli<\/strong><strong> podejrzan<\/strong><strong>i<\/strong><strong> o uszkodzeni<\/strong><strong>e<\/strong><strong> grob<\/strong><strong>\u00f3<\/strong><strong>w i zniewa\u017ceni<\/strong><strong>e<\/strong><strong> miejsc<\/strong><strong>a<\/strong><strong> spoczynku <\/strong><strong>zmar\u0142ych<\/strong><strong>. Zdarzenie mia\u0142o miejsce na cmentarzu przy ul. Limanowskiego <\/strong><strong>w Ostrowie Wielkopolskim<\/strong><strong>. <\/strong><strong>Sprawca wy\u0142ama\u0142 fragmenty p\u0142yt pomnikowych. Pokrzywdzeni wycenili straty finansowe na ponad 1.600 z\u0142otych. W toku dalszych czynno\u015bci jeden z m\u0119\u017cczyzn <\/strong><strong>us\u0142ysza\u0142 zarzut <\/strong><strong>zniszczenia i <\/strong><strong>zniewa\u017cenia miejsca spoczynku zmar\u0142ego. Grozi mu kara 5 lat pozbawienia wolno\u015bci.<\/strong><\/div>\n<div align=\"justify\"><\/div>\n<div align=\"justify\">30 lipca, ok. godziny 18:30 dzielnicowy ostrowskiej komendy, w czasie wolnym od s\u0142u\u017cby b\u0119d\u0105c na terenie jednego z cmentarzy, zauwa\u017cy\u0142 trzech m\u0119\u017cczyzn, kt\u00f3rzy chodzili mi\u0119dzy nagrobkami i g\u0142o\u015bno si\u0119 zachowywali. Gdy policjant us\u0142ysza\u0142 huk t\u0142uczonego szk\u0142a zareagowa\u0142. Wed\u0142ug \u015bwiadka, jeden z m\u0119\u017cczyzn niszczy\u0142 nagrobki. Dzielnicowy natychmiast o tym fakcie poinformowa\u0142 oficera dy\u017curnego, i uda\u0142 si\u0119 w kierunku m\u0119\u017cczyzn, kt\u00f3rzy opu\u015bcili teren cmentarza. Dzielnicowy informowa\u0142 na bie\u017c\u0105co dy\u017curnego o aktualnym miejscu przemieszczania si\u0119 m\u0119\u017cczyzn.<\/div>\n<p align=\"justify\">Ju\u017c po chwili w rejonie cmentarza m\u0119\u017cczy\u017ani zostali zatrzymani przez policjant\u00f3w Grupy Realizacyjnej ostrowskiej komendy.<\/p>\n<p align=\"justify\">M\u0119\u017cczy\u017ani byli nietrze\u017awi, 28-latek w wydychanym powietrzu mia\u0142 ponad 2,3 promila alkoholu, 32-latek ponad 2,5 promila, 31-latek-2 promile alkoholu. M\u0119\u017cczy\u017ani zostali zatrzymani i osadzeni w policyjnym areszcie.<\/p>\n<p align=\"justify\">Zatrzymani t\u0142umaczyli, \u017ce przyszli odwiedzi\u0107 gr\u00f3b znajomej. Nie mog\u0105c znale\u017a\u0107 miejsca poch\u00f3wku, jeden z nich si\u0119 zdenerwowa\u0142 i zacz\u0105\u0142 uderza\u0107 w pomniki. Swoim zachowaniem zniszczy\u0142 dwa groby poprzez wy\u0142amanie fragmentu p\u0142yty pomnikowej i przytwierdzonego do jednego z pomnik\u00f3w krzy\u017ca.<\/p>\n<p align=\"justify\">Pokrzywdzeni w tej sprawie z\u0142o\u017cyli zawiadomienie o pope\u0142nieniu przest\u0119pstwa. 32-letni m\u0119\u017cczyzna po wytrze\u017awieniu us\u0142ysza\u0142 zarzut zniszczenia i zniewa\u017cenia miejsca spoczynku zmar\u0142ego. Grozi mu kara 5 lat pozbawienia wolno\u015bci.<\/p>\n","protected":false},"excerpt":{"rendered":"Ostrowscy policjanci zatrzymali trzech m\u0119\u017cczyzn, kt\u00f3rzy byli podejrzani o uszkodzenie grob\u00f3w i zniewa\u017cenie miejsca spoczynku zmar\u0142ych. Zdarzenie mia\u0142o miejsce na cmentarzu przy ul. \n<a class=\"moretag\" href=\"https:\/\/ostrowskatv.pl\/?p=1969\"> [...]<\/a>","protected":false},"author":1,"featured_media":1970,"comment_status":"open","ping_status":"open","sticky":false,"template":"","format":"standard","meta":{"footnotes":""},"categories":[1],"tags":[2],"class_list":["post-1969","post","type-post","status-publish","format-standard","has-post-thumbnail","hentry","category-news","tag-ostrow-wielkopolski"],"_links":{"self":[{"href":"https:\/\/ostrowskatv.pl\/index.php?rest_route=\/wp\/v2\/posts\/1969","targetHints":{"allow":["GET"]}}],"collection":[{"href":"https:\/\/ostrowskatv.pl\/index.php?rest_route=\/wp\/v2\/posts"}],"about":[{"href":"https:\/\/ostrowskatv.pl\/index.php?rest_route=\/wp\/v2\/types\/post"}],"author":[{"embeddable":true,"href":"https:\/\/ostrowskatv.pl\/index.php?rest_route=\/wp\/v2\/users\/1"}],"replies":[{"embeddable":true,"href":"https:\/\/ostrowskatv.pl\/index.php?rest_route=%2Fwp%2Fv2%2Fcomments&post=1969"}],"version-history":[{"count":0,"href":"https:\/\/ostrowskatv.pl\/index.php?rest_route=\/wp\/v2\/posts\/1969\/revisions"}],"wp:featuredmedia":[{"embeddable":true,"href":"https:\/\/ostrowskatv.pl\/index.php?rest_route=\/wp\/v2\/media\/1970"}],"wp:attachment":[{"href":"https:\/\/ostrowskatv.pl\/index.php?rest_route=%2Fwp%2Fv2%2Fmedia&parent=1969"}],"wp:term":[{"taxonomy":"category","embeddable":true,"href":"https:\/\/ostrowskatv.pl\/index.php?rest_route=%2Fwp%2Fv2%2Fcategories&post=1969"},{"taxonomy":"post_tag","embeddable":true,"href":"https:\/\/ostrowskatv.pl\/index.php?rest_route=%2Fwp%2Fv2%2Ftags&post=1969"}],"curies":[{"name":"wp","href":"https:\/\/api.w.org\/{rel}","templated":true}]}}