{"id":19659,"date":"2022-06-10T19:44:41","date_gmt":"2022-06-10T18:44:41","guid":{"rendered":"https:\/\/ostrowskatv.pl\/?p=19659"},"modified":"2022-06-10T19:44:41","modified_gmt":"2022-06-10T18:44:41","slug":"zderzenie-3-aut-na-obwodnicy-skalmierzyc-dziwne-procedury-w-strazy-pozarnej","status":"publish","type":"post","link":"https:\/\/ostrowskatv.pl\/?p=19659","title":{"rendered":"Zderzenie 3 aut na obwodnicy Skalmierzyc. Dziwne procedury w stra\u017cy po\u017carnej"},"content":{"rendered":"<p><strong>O godzinie 18 na obwodnicy Skalmierzyc dosz\u0142o do zderzenia 3 aut osobowych. Zg\u0142aszaj\u0105cy poinformowa\u0142 dyspozytora z numeru alarmowego 112, \u017ce znajduje si\u0119 w pobli\u017cu ulicy Inwestorskiej przy wyje\u017adzie z Kalisza w kierunku Ostrowa Wlkp.<\/strong><\/p>\n<p>W rzeczywisto\u015bci zdarzenia by\u0142o ju\u017c na terenie powiatu ostrowskiego. Na miejsce dojecha\u0142y dwa wozy stra\u017cy po\u017carnej z Kalisza oraz radiow\u00f3z kaliskiej drog\u00f3wki. \u017badna z czterech os\u00f3b nie ucierpia\u0142a. Z jednego z aut nast\u0105pi\u0142 wyciek p\u0142ynu eksploatacyjnego.<\/p>\n<p>Stra\u017cacy z Kalisza dojechali na miejsce i poinformowali ostrowsk\u0105 stra\u017c, \u017ce to jednak jest ich teren. W mi\u0119dzyczasie od\u0142\u0105czyli akumulator w uszkodzonym aucie. Co przewiduj\u0105 odg\u00f3rne procedury w przypadku zorientowania si\u0119, \u017ce to ju\u017c jest inny powiat? Wys\u0142anie kolejnych dw\u00f3ch woz\u00f3w z Ostrowa Wielkopolskiego z 10 stra\u017cakami. W rzeczywisto\u015bci wystarczy\u0142by jeden zast\u0119p z OSP, kt\u00f3rego stra\u017cacy kierowaliby ruchem wahad\u0142owym i na ko\u0144cu zneutralizowali wyciek. System zaanga\u017cowa\u0142 zb\u0119dne jednostki, kt\u00f3re mog\u0142yby by\u0107 w tym czasie przygotowane do powa\u017cniejszych zdarze\u0144.<\/p>\n<p>W zdarzeniu bra\u0142o udzia\u0142 bia\u0142e volvo z Warszawy, kt\u00f3rym podr\u00f3\u017cowa\u0142y dwie osoby. W volvo wykrzywione zosta\u0142o przednie lewe ko\u0142o. \u015arodkowym autem podr\u00f3\u017cowa\u0142 kaliszanin, kt\u00f3ry mia\u0142 uszkodzony ty\u0142 i prz\u00f3d. Autem z przodu by\u0142 opel, kt\u00f3ry podr\u00f3\u017cowali obywatele Ukrainy.<\/p>\n<p>M\u0119\u017cczyzna jad\u0105cy fordem twierdzi\u0142, \u017ce by\u0142o jedno uderzenie spowodowane volvo, ale kierowca volvo jest zdania, \u017ce on najecha\u0142 tylko na forda, a wcze\u015bniej ten ju\u017c uderzy\u0142 w opla, co \u015bwiadczy\u0142oby o dw\u00f3ch kolizjach. Sprawa trafi do s\u0105du.<\/p>\n<p><img loading=\"lazy\" decoding=\"async\" src=\"https:\/\/ostrowskatv.pl\/wp-content\/uploads\/2022\/06\/20220610_180634-01.jpeg\" alt=\"\" width=\"1366\" height=\"622\" class=\"alignnone size-full wp-image-19662\" srcset=\"https:\/\/ostrowskatv.pl\/wp-content\/uploads\/2022\/06\/20220610_180634-01.jpeg 1366w, https:\/\/ostrowskatv.pl\/wp-content\/uploads\/2022\/06\/20220610_180634-01-300x137.jpeg 300w, https:\/\/ostrowskatv.pl\/wp-content\/uploads\/2022\/06\/20220610_180634-01-640x291.jpeg 640w\" sizes=\"auto, (max-width: 1366px) 100vw, 1366px\" \/><\/p>\n<p><img loading=\"lazy\" decoding=\"async\" src=\"https:\/\/ostrowskatv.pl\/wp-content\/uploads\/2022\/06\/20220610_180637-01.jpeg\" alt=\"\" width=\"1366\" height=\"620\" class=\"alignnone size-full wp-image-19663\" srcset=\"https:\/\/ostrowskatv.pl\/wp-content\/uploads\/2022\/06\/20220610_180637-01.jpeg 1366w, https:\/\/ostrowskatv.pl\/wp-content\/uploads\/2022\/06\/20220610_180637-01-300x136.jpeg 300w, https:\/\/ostrowskatv.pl\/wp-content\/uploads\/2022\/06\/20220610_180637-01-640x290.jpeg 640w\" sizes=\"auto, (max-width: 1366px) 100vw, 1366px\" \/><\/p>\n<p><img loading=\"lazy\" decoding=\"async\" src=\"https:\/\/ostrowskatv.pl\/wp-content\/uploads\/2022\/06\/20220610_180818-01.jpeg\" alt=\"\" width=\"1025\" height=\"1366\" class=\"alignnone size-full wp-image-19664\" srcset=\"https:\/\/ostrowskatv.pl\/wp-content\/uploads\/2022\/06\/20220610_180818-01.jpeg 1025w, https:\/\/ostrowskatv.pl\/wp-content\/uploads\/2022\/06\/20220610_180818-01-225x300.jpeg 225w, https:\/\/ostrowskatv.pl\/wp-content\/uploads\/2022\/06\/20220610_180818-01-270x360.jpeg 270w\" sizes=\"auto, (max-width: 1025px) 100vw, 1025px\" \/><\/p>\n<p><img loading=\"lazy\" decoding=\"async\" src=\"https:\/\/ostrowskatv.pl\/wp-content\/uploads\/2022\/06\/20220610_181136-01.jpeg\" alt=\"\" width=\"1366\" height=\"1025\" class=\"alignnone size-full wp-image-19665\" srcset=\"https:\/\/ostrowskatv.pl\/wp-content\/uploads\/2022\/06\/20220610_181136-01.jpeg 1366w, https:\/\/ostrowskatv.pl\/wp-content\/uploads\/2022\/06\/20220610_181136-01-300x225.jpeg 300w, https:\/\/ostrowskatv.pl\/wp-content\/uploads\/2022\/06\/20220610_181136-01-480x360.jpeg 480w\" sizes=\"auto, (max-width: 1366px) 100vw, 1366px\" \/><\/p>\n<p><img loading=\"lazy\" decoding=\"async\" src=\"https:\/\/ostrowskatv.pl\/wp-content\/uploads\/2022\/06\/20220610_181205-01.jpeg\" alt=\"\" width=\"1366\" height=\"1025\" class=\"alignnone size-full wp-image-19666\" srcset=\"https:\/\/ostrowskatv.pl\/wp-content\/uploads\/2022\/06\/20220610_181205-01.jpeg 1366w, https:\/\/ostrowskatv.pl\/wp-content\/uploads\/2022\/06\/20220610_181205-01-300x225.jpeg 300w, https:\/\/ostrowskatv.pl\/wp-content\/uploads\/2022\/06\/20220610_181205-01-480x360.jpeg 480w\" sizes=\"auto, (max-width: 1366px) 100vw, 1366px\" \/><\/p>\n","protected":false},"excerpt":{"rendered":"O godzinie 18 na obwodnicy Skalmierzyc dosz\u0142o do zderzenia 3 aut osobowych. Zg\u0142aszaj\u0105cy poinformowa\u0142 dyspozytora z numeru alarmowego 112, \u017ce znajduje si\u0119 w \n<a class=\"moretag\" href=\"https:\/\/ostrowskatv.pl\/?p=19659\"> [...]<\/a>","protected":false},"author":1,"featured_media":19666,"comment_status":"open","ping_status":"closed","sticky":false,"template":"","format":"standard","meta":{"footnotes":""},"categories":[1],"tags":[48],"class_list":["post-19659","post","type-post","status-publish","format-standard","has-post-thumbnail","hentry","category-news","tag-kolizja"],"_links":{"self":[{"href":"https:\/\/ostrowskatv.pl\/index.php?rest_route=\/wp\/v2\/posts\/19659","targetHints":{"allow":["GET"]}}],"collection":[{"href":"https:\/\/ostrowskatv.pl\/index.php?rest_route=\/wp\/v2\/posts"}],"about":[{"href":"https:\/\/ostrowskatv.pl\/index.php?rest_route=\/wp\/v2\/types\/post"}],"author":[{"embeddable":true,"href":"https:\/\/ostrowskatv.pl\/index.php?rest_route=\/wp\/v2\/users\/1"}],"replies":[{"embeddable":true,"href":"https:\/\/ostrowskatv.pl\/index.php?rest_route=%2Fwp%2Fv2%2Fcomments&post=19659"}],"version-history":[{"count":0,"href":"https:\/\/ostrowskatv.pl\/index.php?rest_route=\/wp\/v2\/posts\/19659\/revisions"}],"wp:featuredmedia":[{"embeddable":true,"href":"https:\/\/ostrowskatv.pl\/index.php?rest_route=\/wp\/v2\/media\/19666"}],"wp:attachment":[{"href":"https:\/\/ostrowskatv.pl\/index.php?rest_route=%2Fwp%2Fv2%2Fmedia&parent=19659"}],"wp:term":[{"taxonomy":"category","embeddable":true,"href":"https:\/\/ostrowskatv.pl\/index.php?rest_route=%2Fwp%2Fv2%2Fcategories&post=19659"},{"taxonomy":"post_tag","embeddable":true,"href":"https:\/\/ostrowskatv.pl\/index.php?rest_route=%2Fwp%2Fv2%2Ftags&post=19659"}],"curies":[{"name":"wp","href":"https:\/\/api.w.org\/{rel}","templated":true}]}}